{"id":439658,"date":"2018-06-04T12:46:36","date_gmt":"2018-06-04T10:46:36","guid":{"rendered":"http:\/\/www.ivg.it\/?p=439658"},"modified":"2018-06-04T12:46:36","modified_gmt":"2018-06-04T10:46:36","slug":"loano-ottiene-nuovamente-riconoscimento-citta-legge","status":"publish","type":"post","link":"https:\/\/staging.ivg.it\/2018\/06\/loano-ottiene-nuovamente-riconoscimento-citta-legge\/","title":{"rendered":"Loano ottiene nuovamente il riconoscimento di &#8220;Citt\u00e0 che Legge&#8221;"},"content":{"rendered":"<p><strong>Loano.<\/strong> Il Comune di Loano ha ottenuto anche per il biennio 2018-2019 il titolo di \u201cCitt\u00e0 che Legge\u201d. Il riconoscimento \u00e8 rilasciato dal circuito del \u201cCentro per il Libro e la Lettura\u201d (Cepell) d&#8217;intesa con Anci ed \u00e8 volto a promuovere e valorizzare le amministrazioni comunali impegnate a svolgere con continuit\u00e0 sul proprio territorio politiche pubbliche di incentivazione alla lettura.<\/p>\n<p>Nei giorni scorsi il \u201cCentro per il Libro e la Lettura\u201d ha pubblicato gli elenchi dei comuni che hanno messo in atto \u201cbuone pratiche nell&#8217;ambito della promozione della lettura\u201d ed hanno ottenuto la qualifica: Loano \u00e8 tra questi.<\/p>\n<p>\u201cDalla lettura dipendono lo sviluppo intellettuale, sociale ed economico delle comunit\u00e0 \u2013 spiega il sindaco di Loano Luigi Pignocca \u2013 E&#8217; con questo presupposto che la nostra amministrazione comunale, di concerto con le tantissime realt\u00e0 attive sul territorio, lavora costantemente all&#8217;organizzazione di eventi e manifestazioni volte ad incentivare la lettura, specialmente tra i pi\u00f9 giovani. La promozione di questa importantissima attivit\u00e0 non passa soltanto attraverso le rassegne librarie, gli incontri con gli autori ed il sostegno a progetti editoriali, ma anche garantendo ai cittadini di tutte le et\u00e0 il libero accesso ai libri di biblioteche e librerie e i tanti progetti portati avanti in sinergia con le scuole\u201d.<\/p>\n<p>L&#8217;assessore alla cultura, Remo Zaccaria, aggiunge: \u201cL&#8217;obiettivo del riconoscimento di &#8216;Citt\u00e0 che Legge&#8217; \u00e8 quello di riconoscere e sostenere la crescita socio-culturale della comunit\u00e0 attraverso la diffusione della lettura, ritenuto un valore in grado di influenzare positivamente la qualit\u00e0 della vita individuale e collettiva. E&#8217; proprio per cercare di raggiungere questo obiettivo che nei mesi scorsi la nostra amministrazione ha varato il &#8216;Patto per la Lettura&#8217;, che si propone di mettere a sistema il lavoro svolto da Comune, istituzioni scolastiche, associazioni e realt\u00e0 private della nostra citt\u00e0 impegnate direttamente nella promozione della lettura in ogni sua forma\u201d.<\/p>\n<p>L&#8217;impegno dell&#8217;amministrazione comunale e delle varie associazioni e realt\u00e0 del territorio coinvolte nel Patto si era concretizzato in \u201cLOA Legge in Ogni Angolo\u201d, la grande manifestazione dedicata alla lettura tenutasi lo scorso 6 maggio con eventi di lettura spontanea in diverse zone della citt\u00e0.<\/p>\n<p>Il nuovo riconoscimento, che bissa quello gi\u00e0 ottenuto nel 2017, \u00e8 la conferma di un lavoro di squadra in costante crescita. L&#8217;assessore alla cultura Remo Zaccaria intende dunque ringraziare tutti coloro che hanno creduto nel progetto ed hanno collaborato per il raggiungimento di questo traguardo nell&#8217;ambito delle iniziative del \u201cPatto per la lettura\u201d. \u201cIl rinnovo del riconoscimento \u2013 dice Remo Zaccaria \u2013 \u00e8 un nuovo punto di partenza per continuare a progettare e lavorare insieme affinch\u00e9 Loano continui a leggere\u201d.<\/p>\n","protected":false},"excerpt":{"rendered":"<p>Il riconoscimento \u00e8 rilasciato dal circuito del \u201cCentro per il Libro e la Lettura\u201d<\/p>\n","protected":false},"author":10593,"featured_media":0,"comment_status":"open","ping_status":"closed","sticky":false,"template":"","format":"standard","meta":{"footnotes":""},"categories":[45296,56],"tags":[93556],"class_list":["post-439658","post","type-post","status-publish","format-standard","hentry","category-copertina","category-altre","tag-citta-che-legge","post_cat_citta-loano","post_tag_personaggi-luigi-pignocca","post_tag_personaggi-remo-zaccaria"],"amp_validity":null,"amp_enabled":true,"_links":{"self":[{"href":"https:\/\/staging.ivg.it\/ediapi\/wp\/v2\/posts\/439658","targetHints":{"allow":["GET"]}}],"collection":[{"href":"https:\/\/staging.ivg.it\/ediapi\/wp\/v2\/posts"}],"about":[{"href":"https:\/\/staging.ivg.it\/ediapi\/wp\/v2\/types\/post"}],"author":[{"embeddable":true,"href":"https:\/\/staging.ivg.it\/ediapi\/wp\/v2\/users\/10593"}],"replies":[{"embeddable":true,"href":"https:\/\/staging.ivg.it\/ediapi\/wp\/v2\/comments?post=439658"}],"version-history":[{"count":0,"href":"https:\/\/staging.ivg.it\/ediapi\/wp\/v2\/posts\/439658\/revisions"}],"wp:attachment":[{"href":"https:\/\/staging.ivg.it\/ediapi\/wp\/v2\/media?parent=439658"}],"wp:term":[{"taxonomy":"category","embeddable":true,"href":"https:\/\/staging.ivg.it\/ediapi\/wp\/v2\/categories?post=439658"},{"taxonomy":"post_tag","embeddable":true,"href":"https:\/\/staging.ivg.it\/ediapi\/wp\/v2\/tags?post=439658"}],"curies":[{"name":"wp","href":"https:\/\/api.w.org\/{rel}","templated":true}]}}