{"id":439621,"date":"2018-06-03T17:57:56","date_gmt":"2018-06-03T15:57:56","guid":{"rendered":"http:\/\/www.ivg.it\/?p=439621"},"modified":"2018-06-03T18:05:00","modified_gmt":"2018-06-03T16:05:00","slug":"atletica-leggera-quasi-trecento-bambini-la-giornata-lalba-docilia","status":"publish","type":"post","link":"https:\/\/staging.ivg.it\/2018\/06\/atletica-leggera-quasi-trecento-bambini-la-giornata-lalba-docilia\/","title":{"rendered":"Atletica leggera, quasi trecento bambini per la giornata con l&#8217;Alba Docilia"},"content":{"rendered":"<p><strong>Quiliano.<\/strong> Nella splendida cornice dello stadio Chittolina,<strong> l&#8217;Alba Docilia ha organizzato una giornata di atletica leggera per gli alunni delle scuole primarie di Valleggia e Quiliano, a conclusione di un ciclo di lezioni tenute nelle palestre scolastiche.<\/strong><\/p>\n<p>Grazie alla collaborazione delle insegnanti e degli istruttori della societ\u00e0 biancobl\u00f9 la giornata \u00e8 stata un successo e gli spalti gremiti del Chittolina ne sono un&#8217;ulteriore conferma:<strong> circa 270 bambini, dalla classe prima alla classe quinta, hanno preso parte all&#8217;iniziativa sfidandosi in un classico triathlon &#8220;corri-salta-lancia&#8221;<\/strong> (60 metri, salto in lungo, lancio del vortex).<\/p>\n<p>&#8220;Da parte di tutta la societ\u00e0 &#8211; dicono i dirigenti dell&#8217;Alba Docilia &#8211; vorremmo ringraziare tutte le insegnanti che hanno aderito al progetto, i genitori, gli istruttori ed i volontari che hanno reso possibile questo evento, ma soprattutto tutti i bambini che hanno gareggiato giocato e scherzato insieme a noi. A breve saranno svelati i vincitori, ma solo dopo averli premiati in classe!&#8221;.<\/p>\n<div class=\"single-img-content-container fullwidth-single shortcode standard\">\n    <div class=\"image_container\" style=\"text-align: center;\">\n        <picture class=\" lazyload\"><img loading=\"lazy\" class=\"lazy\" data-srcset=\"https:\/\/www.ivg.it\/photogallery_new\/images\/2018\/06\/alba-docilia-scuola-primaria-valleggia-473704.jpg 1024w, https:\/\/www.ivg.it\/photogallery_new\/images\/2018\/06\/alba-docilia-scuola-primaria-valleggia-473704.jpg 970w, https:\/\/www.ivg.it\/photogallery_new\/images\/2018\/06\/alba-docilia-scuola-primaria-valleggia-473704.jpg 660w, https:\/\/www.ivg.it\/photogallery_new\/images\/2018\/06\/alba-docilia-scuola-primaria-valleggia-473704.jpg 316w, https:\/\/www.ivg.it\/photogallery_new\/images\/2018\/06\/alba-docilia-scuola-primaria-valleggia-473704.jpg 150w\"  data-src=\"https:\/\/www.ivg.it\/photogallery_new\/images\/2018\/06\/alba-docilia-scuola-primaria-valleggia-473704.jpg\" alt=\"Alba Docilia Scuola Primaria Valleggia \" \/><\/picture>\r\n\n    <\/div>\n    <\/div>\n\n","protected":false},"excerpt":{"rendered":"<p>A conclusione di un ciclo di lezioni, l&#8217;evento si \u00e8 tenuto al Chittolina<\/p>\n","protected":false},"author":18,"featured_media":0,"comment_status":"open","ping_status":"closed","sticky":false,"template":"","format":"standard","meta":{"footnotes":""},"categories":[45296,47716,32],"tags":[7658,5280],"class_list":["post-439621","post","type-post","status-publish","format-standard","hentry","category-copertina","category-atletica-sport","category-sport","tag-alba-docilia","tag-atletica-leggera","post_cat_citta-albisola-superiore","post_cat_citta-quiliano"],"amp_validity":null,"amp_enabled":true,"_links":{"self":[{"href":"https:\/\/staging.ivg.it\/ediapi\/wp\/v2\/posts\/439621","targetHints":{"allow":["GET"]}}],"collection":[{"href":"https:\/\/staging.ivg.it\/ediapi\/wp\/v2\/posts"}],"about":[{"href":"https:\/\/staging.ivg.it\/ediapi\/wp\/v2\/types\/post"}],"author":[{"embeddable":true,"href":"https:\/\/staging.ivg.it\/ediapi\/wp\/v2\/users\/18"}],"replies":[{"embeddable":true,"href":"https:\/\/staging.ivg.it\/ediapi\/wp\/v2\/comments?post=439621"}],"version-history":[{"count":0,"href":"https:\/\/staging.ivg.it\/ediapi\/wp\/v2\/posts\/439621\/revisions"}],"wp:attachment":[{"href":"https:\/\/staging.ivg.it\/ediapi\/wp\/v2\/media?parent=439621"}],"wp:term":[{"taxonomy":"category","embeddable":true,"href":"https:\/\/staging.ivg.it\/ediapi\/wp\/v2\/categories?post=439621"},{"taxonomy":"post_tag","embeddable":true,"href":"https:\/\/staging.ivg.it\/ediapi\/wp\/v2\/tags?post=439621"}],"curies":[{"name":"wp","href":"https:\/\/api.w.org\/{rel}","templated":true}]}}