{"id":438512,"date":"2018-05-21T10:31:15","date_gmt":"2018-05-21T08:31:15","guid":{"rendered":"http:\/\/www.ivg.it\/?p=438512"},"modified":"2018-05-21T10:53:44","modified_gmt":"2018-05-21T08:53:44","slug":"rivoluzione-parcheggi-bergeggi-si-dal-consiglio-comunale-cosa-cambia","status":"publish","type":"post","link":"https:\/\/staging.ivg.it\/2018\/05\/rivoluzione-parcheggi-bergeggi-si-dal-consiglio-comunale-cosa-cambia\/","title":{"rendered":"&#8220;Rivoluzione&#8221; parcheggi a Bergeggi: s\u00ec dal Consiglio comunale, ecco cosa cambia"},"content":{"rendered":"<p><strong>Bergeggi.<\/strong>\u00a0Partir\u00e0 con ogni probabilit\u00e0 il giorno 15 giugno la rivoluzione per quanto riguarda le aree di sosta delle autovetture a Bergeggi, conseguenza del nuovo &#8220;Piano parcheggi&#8221; voluto fortemente dall&#8217;amministrazione Arboscello e approvato durante il consiglio comunale di sabato 19 maggio.<\/p>\n<p>Dopo anni in cui sembrava che nulla si potesse fare in tal senso e a seguito di un lungo percorso non privo di difficolt\u00e0, dovuto al fatto che Bergeggi non \u00e8 dotato a livello normativo di un vero e proprio centro storico che consenta di delimitare delle Ztl con posti riservati ai residenti, il sindaco Arboscello e la sua amministrazione sembrano finalmente aver trovato una soluzione all&#8217; annoso problema della carenza di parcheggi durante la stagione estiva.<\/p>\n<p>&#8220;Ogni anno infatti, soprattutto nella stagione estiva e in particolar modo durante i weekend, sono molte le proteste di residenti e di proprietari di immobili nei confronti dei turisti &#8220;mordi e fuggi&#8221;, cio\u00e8 i bagnanti del fine settimana che non trovando posto auto sull&#8217;Aurelia e non volendo pagare la sosta nel capiente parcheggio a mare S. Nicolo&#8217; salgono in paese per \u00a0parcheggiare la propria auto, scendono al mare a piedi grazie alle numerose e caratteristiche croze per poi tornare verso sera a recuperare l&#8217;auto, sfruttando magari il bus navetta turistico istituito dall&#8217;amministrazione stessa&#8221; afferma il primo cittadino di Bergeggi.<\/p>\n<p>&#8220;Situazione ormai divenuta insostenibile per i residenti di un comune che passa dai 1.200 abitanti circa nel periodo invernale agli oltre 6\/7.000 durante la stagione estiva, a cui va ad aggiungersi il turismo balneare&#8221;.<\/p>\n<p>&#8220;Ora finalmente una soluzione sembra che sia stata trovata: l&#8217; amministrazione ha individuato in modo omogeneo su tutto il territorio comunale delle aree, in una percentuale all&#8217; incirca del 50% sul totale, dove nel periodo 15 giugno\/15 settembre la sosta sar\u00e0 regolamentata con disco orario con fermata massima 2 ore, eccezione fatta per i residenti, i proprietari di immobile, chi presta attivit\u00e0 lavorativa nel territorio comunale e ospiti di attivit\u00e0 ricettive, tutti muniti di apposito contrassegno&#8221;.<\/p>\n<p>&#8220;Il contrassegno, analogamente al modello di gestione del parcheggio a mare S. Nicolo&#8217;, verr\u00e0 rilasciato da Sat dopo aver effettuato una verifica sul possesso dei requisiti e dopo il pagamento di una cifra che varier\u00e0 tra i 10 euro e i 30 euro a seconda della tipologia di richiedente&#8221;.<\/p>\n<p>Per quanto concerne le attivit\u00e0 ricettive il numero di contrassegni rilasciati sar\u00e0 proporzionale alla capacit\u00e0 ricettiva della struttura, per i residenti i contrassegni potranno essere al massimo 2 per nucleo famigliare, per i non residenti proprietari di immobili massimo 1 contrassegno&#8221;.<\/p>\n<p>&#8220;Partiamo con questa nuova modalit\u00e0 di sosta in paese consapevoli che non sar\u00e0 la soluzione a tutti i problemi ma certi di aver individuato l&#8217;unica soluzione percorribile per portare benefici e ovviare alle problematiche riguardanti i parcheggi che si presentano puntualmente con l&#8217;inizio della stagione estiva&#8221; aggiunge Arboscello.<\/p>\n<p>&#8220;Consideriamola una fase sperimentale. A fine stagione tireremo le somme e valuteremo se il nuovo sistema ha portato i benefici sperati. L&#8217; alternativa era istituire delle aree di sosta a pagamento, ma non essendo il nostro obiettivo quello di fare cassa e richiedendo in quel caso l&#8217; installazione e gestione di un numero elevato di parcometri abbiamo preferito optare per la regolamentazione con il disco orario. Vedremo poi il da farsi in futuro&#8221; conclude il sindaco.<\/p>\n<p>Contestualmente al pi\u00f9 operativo &#8220;piano parcheggi&#8221; \u00e8 stato approvato dal consiglio comunale il &#8220;Piano di mobilit\u00e0&#8221;, strumento utilissimo di indirizzo per la pianificazione futura di tutto ci\u00f2 che riguarda la mobilit\u00e0 sia carrabile che pedonale.<\/p>\n","protected":false},"excerpt":{"rendered":"<p>&#8220;Unica soluzione percorribile per ovviare alle problematiche riguardanti i parcheggi nella stagione estiva&#8221;<\/p>\n","protected":false},"author":4,"featured_media":0,"comment_status":"open","ping_status":"closed","sticky":false,"template":"","format":"standard","meta":{"footnotes":""},"categories":[45296,56,31],"tags":[92293,691,83973],"class_list":["post-438512","post","type-post","status-publish","format-standard","hentry","category-copertina","category-altre","category-politica","tag-comune-bergeggi","tag-parcheggi","tag-piano-parcheggi","post_cat_citta-bergeggi","post_tag_personaggi-roberto-arboscello-2"],"amp_validity":null,"amp_enabled":true,"_links":{"self":[{"href":"https:\/\/staging.ivg.it\/ediapi\/wp\/v2\/posts\/438512","targetHints":{"allow":["GET"]}}],"collection":[{"href":"https:\/\/staging.ivg.it\/ediapi\/wp\/v2\/posts"}],"about":[{"href":"https:\/\/staging.ivg.it\/ediapi\/wp\/v2\/types\/post"}],"author":[{"embeddable":true,"href":"https:\/\/staging.ivg.it\/ediapi\/wp\/v2\/users\/4"}],"replies":[{"embeddable":true,"href":"https:\/\/staging.ivg.it\/ediapi\/wp\/v2\/comments?post=438512"}],"version-history":[{"count":0,"href":"https:\/\/staging.ivg.it\/ediapi\/wp\/v2\/posts\/438512\/revisions"}],"wp:attachment":[{"href":"https:\/\/staging.ivg.it\/ediapi\/wp\/v2\/media?parent=438512"}],"wp:term":[{"taxonomy":"category","embeddable":true,"href":"https:\/\/staging.ivg.it\/ediapi\/wp\/v2\/categories?post=438512"},{"taxonomy":"post_tag","embeddable":true,"href":"https:\/\/staging.ivg.it\/ediapi\/wp\/v2\/tags?post=438512"}],"curies":[{"name":"wp","href":"https:\/\/api.w.org\/{rel}","templated":true}]}}