{"id":437999,"date":"2018-05-14T18:33:16","date_gmt":"2018-05-14T16:33:16","guid":{"rendered":"http:\/\/www.ivg.it\/?p=437999"},"modified":"2018-05-14T18:33:16","modified_gmt":"2018-05-14T16:33:16","slug":"spostamento-del-mercato-settimanale-comune-incontra-commercianti","status":"publish","type":"post","link":"https:\/\/staging.ivg.it\/2018\/05\/spostamento-del-mercato-settimanale-comune-incontra-commercianti\/","title":{"rendered":"Spostamento del mercato settimanale, il Comune incontra i commercianti"},"content":{"rendered":"<p><strong>Albenga<\/strong>. Prender\u00e0 il via in questi giorni l&#8217;iter che porter\u00e0 al \u201ctrasloco\u201d del mercato settimanale di Albenga dall&#8217;attuale sede di via Dalmazia (e arterie attigue) alla vecchia-nuova sede di Lungo Centa Croce Bianca.<\/p>\n<p>Gioved\u00ec 17 maggio l&#8217;amministrazione comunale del sindaco Giorgio Cangiano incontrer\u00e0 i rappresentanti di categoria degli ambulanti al fine di raccogliere le varie istanze dei commercianti ed iniziare ad elaborare le varie fasi della procedura.<\/p>\n<p>\u201cLo spostamento del mercato settimanale \u00e8 da sempre nei piani della nostra amministrazione \u2013 spiega il vice sindaco Riccardo Tomatis \u2013 Ora, per\u00f2, \u00e8 diventata una scelta indispensabile in quanto c&#8217;\u00e8 un rilevante problema in termini di gestione della sicurezza. La disposizione attuale, infatti, conta 12 accessi, che vanno gestiti e presidiati. Senza contare la presenza di numerosi garage per i quali bisogna garantire il diritto di accesso. La presenza dei posteggi, poi, costringe le auto a passare in mezzo ai banchi, con tutto ci\u00f2 che questo comporta. Insomma, la situazione attuale \u00e8 tutt&#8217;altro che buona. La prefettura ce lo ha fatto notare pi\u00f9 di una volta\u201d.<\/p>\n<p>Da qui la necessit\u00e0 di accelerare il pi\u00f9 possibile l&#8217;iter: \u201cL&#8217;incontro di gioved\u00ec ci servir\u00e0 per capire le esigenze dei commercianti anche e soprattutto dal punto di vista della distribuzione delle diverse tipologie di banchi. I nostri uffici sono gi\u00e0 al lavoro sulle planimetrie: un&#8217;attivit\u00e0 tutt&#8217;altro che facile e che deve tenere conto delle misure e degli spazi necessari a ciascun banco. A questa seguir\u00e0 poi la procedura di assegnazione degli spazi in base alla graduatoria\u201d.<\/p>\n<p>Lo spostamento sul Lungo Centa porter\u00e0 benefici non trascurabili: \u201cLa gestione della sicurezza sar\u00e0 molto pi\u00f9 semplice \u2013 dice ancora Tomatis \u2013 I varchi da presidiare saranno soltanto tre ed in zona non ci sono garage. Siamo consapevoli che per gli ambulanti cambiare zona sar\u00e0 &#8216;traumatico&#8217;, ma cercheremo di rendere il trasferimento il pi\u00f9 indolore possibile. E&#8217; una questione di sicurezza\u201d.<\/p>\n","protected":false},"excerpt":{"rendered":"<p>Tomatis: &#8220;In via Dalmazia complicato gestire la sicurezza, sul Lungo Centa sar\u00e0 tutto pi\u00f9 facile&#8221;<\/p>\n","protected":false},"author":12120,"featured_media":0,"comment_status":"open","ping_status":"closed","sticky":false,"template":"","format":"standard","meta":{"footnotes":""},"categories":[31],"tags":[85123],"class_list":["post-437999","post","type-post","status-publish","format-standard","hentry","category-politica","tag-mercato-settimanale-di-albenga","post_cat_citta-albenga","post_tag_personaggi-riccardo-tomatis-2"],"amp_validity":null,"amp_enabled":true,"_links":{"self":[{"href":"https:\/\/staging.ivg.it\/ediapi\/wp\/v2\/posts\/437999","targetHints":{"allow":["GET"]}}],"collection":[{"href":"https:\/\/staging.ivg.it\/ediapi\/wp\/v2\/posts"}],"about":[{"href":"https:\/\/staging.ivg.it\/ediapi\/wp\/v2\/types\/post"}],"author":[{"embeddable":true,"href":"https:\/\/staging.ivg.it\/ediapi\/wp\/v2\/users\/12120"}],"replies":[{"embeddable":true,"href":"https:\/\/staging.ivg.it\/ediapi\/wp\/v2\/comments?post=437999"}],"version-history":[{"count":0,"href":"https:\/\/staging.ivg.it\/ediapi\/wp\/v2\/posts\/437999\/revisions"}],"wp:attachment":[{"href":"https:\/\/staging.ivg.it\/ediapi\/wp\/v2\/media?parent=437999"}],"wp:term":[{"taxonomy":"category","embeddable":true,"href":"https:\/\/staging.ivg.it\/ediapi\/wp\/v2\/categories?post=437999"},{"taxonomy":"post_tag","embeddable":true,"href":"https:\/\/staging.ivg.it\/ediapi\/wp\/v2\/tags?post=437999"}],"curies":[{"name":"wp","href":"https:\/\/api.w.org\/{rel}","templated":true}]}}