{"id":437942,"date":"2018-05-14T13:04:29","date_gmt":"2018-05-14T11:04:29","guid":{"rendered":"http:\/\/www.ivg.it\/?p=437942"},"modified":"2018-05-14T13:07:19","modified_gmt":"2018-05-14T11:07:19","slug":"italia-sup-league-wind-and-sea-savona-sul-podio-al-lago-trasimeno","status":"publish","type":"post","link":"https:\/\/staging.ivg.it\/2018\/05\/italia-sup-league-wind-and-sea-savona-sul-podio-al-lago-trasimeno\/","title":{"rendered":"Italia Sup League: Wind and Sea Savona sul podio al lago Trasimeno"},"content":{"rendered":"<p><strong>Savona.<\/strong>\u00a0L&#8217;agguerrito<strong>\u00a0team della WAS Wind and Sea Savona<\/strong> era presente ieri, domenica 13 maggio, <strong>al lago Trasimeno per la tappa del circuito nazionale Italia Sup League.<\/strong><\/p>\n<p>Un clima di divertimento e di passione per questo sport emergente ha dato una spinta positiva alla gara che si \u00e8 svolta in un&#8217;atmosfera rilassata con condizioni climatiche favorevoli ed un lago spettacolare. Ottima organizzazione e splendida ospitalit\u00e0 del team Sup Trasimeno presso Sualzo Beach.<\/p>\n<p><strong>Il percorso che hanno affrontato gli atleti era una beach race molto tecnica con due passaggi in spiaggia<\/strong> (di corsa con la tavola sotto braccio) <strong>e diciotto giri di boa per una lunghezza di 8 chilometri totali.<\/strong><\/p>\n<p>Ottimi i risultati riportati dalla WAS:<strong> la societ\u00e0 savonese si \u00e8 classificata al terzo posto grazie alla presenza di cinque atleti.<\/strong><\/p>\n<p>Nel dettaglio, ecco i risultati. Nella gara femminile <strong>Sara Oddera<\/strong> si \u00e8 classificata al primo posto assoluto. Nella categoria 14 \u00e9lite maschile, <strong>Paolo Nardini<\/strong> \u00e8 arrivato all&#8217;ottavo posto assoluto e quinto di categoria. Nella categoria 12.6 terzo posto assoluto per <strong>Oscar Violet.<\/strong><\/p>\n<p><strong>Riccardo Violet<\/strong> \u00e8 giunto all&#8217;ottavo posto assoluto maschile e quinto di categoria; <strong>Maurizio Candino<\/strong> si \u00e8 piazzato all&#8217;undicesimo posto assoluto maschile e settimo di categoria.<\/p>\n<p>Un grande applauso a questi atleti che ora si preparano per la gara di domenica prossima a Cecina, in Toscana.<\/p>\n<p>La WAS \u00e8 una societ\u00e0 sempre pi\u00f9 attiva con le sue attivit\u00e0 acquatiche e che recentemente <strong>ha sfornato tre istruttori Sup: Sara Oddera, Paolo Nardini ed Enrico Isnardi.<\/strong><\/p>\n","protected":false},"excerpt":{"rendered":"<p>Sara Oddera, Paolo Nardini, Oscar Violet, Riccardo Violet e Maurizio Candino si sono fatti valere nella tappa del circuito nazionale<\/p>\n","protected":false},"author":18,"featured_media":0,"comment_status":"open","ping_status":"closed","sticky":false,"template":"","format":"standard","meta":{"footnotes":""},"categories":[45296,42377,32],"tags":[40193,101566],"class_list":["post-437942","post","type-post","status-publish","format-standard","hentry","category-copertina","category-altri-sport","category-sport","tag-was","tag-wind-and-sea-savona","post_cat_citta-savona","post_tag_personaggi-maurizio-candino","post_tag_personaggi-oscar-violet","post_tag_personaggi-paolo-nardin","post_tag_personaggi-riccardo-violet","post_tag_personaggi-sara-oddera"],"amp_validity":null,"amp_enabled":true,"_links":{"self":[{"href":"https:\/\/staging.ivg.it\/ediapi\/wp\/v2\/posts\/437942","targetHints":{"allow":["GET"]}}],"collection":[{"href":"https:\/\/staging.ivg.it\/ediapi\/wp\/v2\/posts"}],"about":[{"href":"https:\/\/staging.ivg.it\/ediapi\/wp\/v2\/types\/post"}],"author":[{"embeddable":true,"href":"https:\/\/staging.ivg.it\/ediapi\/wp\/v2\/users\/18"}],"replies":[{"embeddable":true,"href":"https:\/\/staging.ivg.it\/ediapi\/wp\/v2\/comments?post=437942"}],"version-history":[{"count":0,"href":"https:\/\/staging.ivg.it\/ediapi\/wp\/v2\/posts\/437942\/revisions"}],"wp:attachment":[{"href":"https:\/\/staging.ivg.it\/ediapi\/wp\/v2\/media?parent=437942"}],"wp:term":[{"taxonomy":"category","embeddable":true,"href":"https:\/\/staging.ivg.it\/ediapi\/wp\/v2\/categories?post=437942"},{"taxonomy":"post_tag","embeddable":true,"href":"https:\/\/staging.ivg.it\/ediapi\/wp\/v2\/tags?post=437942"}],"curies":[{"name":"wp","href":"https:\/\/api.w.org\/{rel}","templated":true}]}}