{"id":437183,"date":"2018-05-04T16:31:02","date_gmt":"2018-05-04T14:31:02","guid":{"rendered":"http:\/\/www.ivg.it\/?p=437183"},"modified":"2018-05-04T16:48:29","modified_gmt":"2018-05-04T14:48:29","slug":"pedofilia-accusati-atti-libidine-minorenni-due-arresti","status":"publish","type":"post","link":"https:\/\/staging.ivg.it\/2018\/05\/pedofilia-accusati-atti-libidine-minorenni-due-arresti\/","title":{"rendered":"Pedofilia, accusati di atti di libidine con minorenni: due arresti"},"content":{"rendered":"<p><strong>Savona<\/strong>. Due persone finite in carcere. E&#8217; il risultato di un&#8217;indagine su un presunto caso di pedofilia condotta dai poliziotti della squadra mobile di Savona con il coordinamento del sostituto procuratore Elisa Milocco.<\/p>\n<p>Gli arresti sono stati eseguiti nelle scorse ore a carico di due cittadini italiani in esecuzione di altrettante ordinanze di custodia cautelare in carcere per violenza sessuale firmate dal gip Fiorenza Giorgi.<\/p>\n<p>Per il momento, vista la delicatezza dell&#8217;indagine (che tra l&#8217;altro non \u00e8 ancora conclusa perch\u00e9 parte dell&#8217;attivit\u00e0 investigativa \u00e8 ancora in corso), gli inquirenti mantengono il massimo riserbo e non trapelano quindi ulteriori dettagli sul contesto in cui gli abusi si sarebbero consumati.<\/p>\n<p>L&#8217;unica certezza \u00e8 che ai due arrestati viene contestato di aver commesso atti di libidine con minorenni (le vittime avrebbero tutte circa 14 anni). I due uomini (uno sar\u00e0 interrogato a Savona, mentre l&#8217;altro a Genova) si conoscevano tra loro, ma non avrebbero agito insieme tanto che gli episodi che gli vengono contestati non sarebbero direttamente collegati tra loro.<\/p>\n","protected":false},"excerpt":{"rendered":"<p>L&#8217;indagine \u00e8 stata condotta dai poliziotti della squadra mobile di Savona che hanno eseguito le ordinanze di custodia cautelare in carcere<\/p>\n","protected":false},"author":2394,"featured_media":0,"comment_status":"open","ping_status":"closed","sticky":false,"template":"","format":"standard","meta":{"footnotes":""},"categories":[45296,34],"tags":[2427,1929],"class_list":["post-437183","post","type-post","status-publish","format-standard","hentry","category-copertina","category-cronaca","tag-pedofilia","tag-violenza-sessuale","post_cat_citta-savona"],"amp_validity":null,"amp_enabled":true,"_links":{"self":[{"href":"https:\/\/staging.ivg.it\/ediapi\/wp\/v2\/posts\/437183","targetHints":{"allow":["GET"]}}],"collection":[{"href":"https:\/\/staging.ivg.it\/ediapi\/wp\/v2\/posts"}],"about":[{"href":"https:\/\/staging.ivg.it\/ediapi\/wp\/v2\/types\/post"}],"author":[{"embeddable":true,"href":"https:\/\/staging.ivg.it\/ediapi\/wp\/v2\/users\/2394"}],"replies":[{"embeddable":true,"href":"https:\/\/staging.ivg.it\/ediapi\/wp\/v2\/comments?post=437183"}],"version-history":[{"count":0,"href":"https:\/\/staging.ivg.it\/ediapi\/wp\/v2\/posts\/437183\/revisions"}],"wp:attachment":[{"href":"https:\/\/staging.ivg.it\/ediapi\/wp\/v2\/media?parent=437183"}],"wp:term":[{"taxonomy":"category","embeddable":true,"href":"https:\/\/staging.ivg.it\/ediapi\/wp\/v2\/categories?post=437183"},{"taxonomy":"post_tag","embeddable":true,"href":"https:\/\/staging.ivg.it\/ediapi\/wp\/v2\/tags?post=437183"}],"curies":[{"name":"wp","href":"https:\/\/api.w.org\/{rel}","templated":true}]}}