{"id":436913,"date":"2018-05-02T09:12:52","date_gmt":"2018-05-02T07:12:52","guid":{"rendered":"http:\/\/www.ivg.it\/?p=436913"},"modified":"2018-05-02T09:12:52","modified_gmt":"2018-05-02T07:12:52","slug":"alassio-biblioteca-targa-ricordo-giovannino-guareschi-papa-don-camillo-peppone","status":"publish","type":"post","link":"https:\/\/staging.ivg.it\/2018\/05\/alassio-biblioteca-targa-ricordo-giovannino-guareschi-papa-don-camillo-peppone\/","title":{"rendered":"Alassio: in biblioteca una targa in ricordo di Giovannino Guareschi, &#8220;pap\u00e0&#8221; di Don Camillo e Peppone"},"content":{"rendered":"<p>Ad <strong>Alassio<\/strong>, sabato 5 maggio alle ore 11 presso la Biblioteca civica sul mare &#8220;Deaglio&#8221;, piazza Airaldi e Durante, il sindaco Enzo Canepa scoprir\u00e0 una targa offerta dal Centro &#8220;Pannunzio&#8221; e dall&#8217;Associazione Internazionale Regina Elena Onlus in ricordo dello scrittore, giornalista, internato militare in Germania Giovannino Guareschi, il celebre autore del &#8220;Don Camillo&#8221;, che amava trascorrere le sue vacanze estive ad Alassio.<\/p>\n<p>Verr\u00e0 letto un messaggio del figlio di Guareschi Alberto, impossibilitato a intervenire. La cerimonia verr\u00e0 aperta dal suono dell&#8217;Inno Nazionale. Porter\u00e0 un saluto il presidente dell&#8217;Associazione internazionale &#8220;Regina Elena&#8221; dottor Ilario Bortolan. Lo storico Prof. Pier Franco Quaglieni, vice Presidente del Centro &#8220;Pannunzio&#8221;, ricorder\u00e0 la figura di Guareschi a 50 anni dalla morte avvenuta nel 1968. Quaglieni nel suo nuovo libro &#8220;Grand&#8217;Italia&#8221; ha dedicato un ampio articolo allo scrittore parmense. La cerimonia verr\u00e0 conclusa con il suono della &#8220;Leggenda del Piave&#8221; in onore del ten. Guareschi deportato e internato in Germania dal 1943 al 1945.<\/p>\n<p>&#8220;La targa apposta nell&#8217;atrio della Biblioteca sul mare \u00e8 un atto di amore di Alassio verso uno degli scrittori italiani pi\u00f9 letti ed amati &#8211; dichiara Quaglieni &#8211; un uomo e un giornalista davvero fuori ordinanza che seppe scrivere in modo semplice e universale, partendo da una saga di paese di cui don Camillo e Peppone sono i protagonisti. Gi\u00e0 nel 2008 ebbi l&#8217;onore di ricordare Guareschi nel centenario della nascita nell&#8217;Auditorium &#8216;Roberto Baldassarre&#8217; e quindi la collocazione scelta dall&#8217;amministrazione \u00e8 la pi\u00f9 felice. Ringrazio il sindaco Canepa, l&#8217;assessore alla cultura Rossi e l&#8217;intera amministrazione per l&#8217;attenzione dedicata a Guareschi che amava il mare di Alassio&#8221;.<\/p>\n<p>&#8220;Egli fu anche l&#8217;autore di un &#8216;Diario clandestino&#8217; che fece conoscere agli italiani il dramma dell&#8217;internamento in Germania dei militari italiani fatti prigionieri dopo l&#8217;8 settembre 1943 &#8211; ricorda Quaglieni &#8211; Guareschi fu uno di coloro che sent\u00ec, come scrisse, le &#8216;stellette di ufficiale italiano avvitate sulla pelle&#8217;, malgrado le sofferenze terribili cui fu sottoposto dai nazisti. Tornato in Italia, nel 1945 fond\u00f2 e diresse fino al 1961 uno dei pi\u00f9 importanti settimanali italiani &#8216;Il Candido&#8217;. Con le sue celebri vignette fu uno dei protagonisti della campagna elettorale del 18 aprile 1948, fu un patriota sincero e un grande italiano conosciuto e apprezzato nel mondo, espressione di un mondo semplice e sincero senza sofisticazioni intellettualistiche. Per questa sua limpidezza Guareschi non ebbe mai un premio letterario&#8221;.<\/p>\n<p>Dopo lo scoprimento della targa verr\u00e0 inaugurata, sul lungomare di Alassio, una panchina con il logo del Centro &#8220;Pannunzio&#8221; per i suoi 5O anni. Un riconoscimento importante alla lunga attivit\u00e0 di una delle associazioni culturali italiane pi\u00f9 longeve, insignita della medaglia d&#8217;oro di benemerito della cultura dal presidente Sandro Pertini. Alassio \u00e8 la prima citt\u00e0 che apre le manifestazioni per il cinquantenario del Centro.<\/p>\n","protected":false},"excerpt":{"rendered":"<p>Verr\u00e0 scoperta sabato 5 maggio alle ore 11<\/p>\n","protected":false},"author":10593,"featured_media":0,"comment_status":"open","ping_status":"closed","sticky":false,"template":"","format":"standard","meta":{"footnotes":""},"categories":[56],"tags":[],"class_list":["post-436913","post","type-post","status-publish","format-standard","hentry","category-altre","post_cat_citta-alassio","post_tag_personaggi-giovannino-guareschi"],"amp_validity":null,"amp_enabled":true,"_links":{"self":[{"href":"https:\/\/staging.ivg.it\/ediapi\/wp\/v2\/posts\/436913","targetHints":{"allow":["GET"]}}],"collection":[{"href":"https:\/\/staging.ivg.it\/ediapi\/wp\/v2\/posts"}],"about":[{"href":"https:\/\/staging.ivg.it\/ediapi\/wp\/v2\/types\/post"}],"author":[{"embeddable":true,"href":"https:\/\/staging.ivg.it\/ediapi\/wp\/v2\/users\/10593"}],"replies":[{"embeddable":true,"href":"https:\/\/staging.ivg.it\/ediapi\/wp\/v2\/comments?post=436913"}],"version-history":[{"count":0,"href":"https:\/\/staging.ivg.it\/ediapi\/wp\/v2\/posts\/436913\/revisions"}],"wp:attachment":[{"href":"https:\/\/staging.ivg.it\/ediapi\/wp\/v2\/media?parent=436913"}],"wp:term":[{"taxonomy":"category","embeddable":true,"href":"https:\/\/staging.ivg.it\/ediapi\/wp\/v2\/categories?post=436913"},{"taxonomy":"post_tag","embeddable":true,"href":"https:\/\/staging.ivg.it\/ediapi\/wp\/v2\/tags?post=436913"}],"curies":[{"name":"wp","href":"https:\/\/api.w.org\/{rel}","templated":true}]}}