{"id":436117,"date":"2018-04-20T15:58:36","date_gmt":"2018-04-20T13:58:36","guid":{"rendered":"http:\/\/www.ivg.it\/?p=436117"},"modified":"2018-04-20T16:02:24","modified_gmt":"2018-04-20T14:02:24","slug":"evento-barra-al-centro-carcare-incontro-sulla-sicurezza","status":"publish","type":"post","link":"https:\/\/staging.ivg.it\/2018\/04\/evento-barra-al-centro-carcare-incontro-sulla-sicurezza\/","title":{"rendered":"Nuovo evento di &#8220;Barra al Centro&#8221;: a Carcare incontro sulla sicurezza"},"content":{"rendered":"<p><strong>Savona.<\/strong> Prosegue l&#8217;iniziativa politica del consigliere regionale di Forza Italia Angelo Vaccarezza, \u201cBarra al Centro\u201d, il nuovo contenitore per avvicinare ancora di pi\u00f9 gli amministratori al territorio.<\/p>\n<p>&#8220;Dopo la mia prima comunicazione ed il primo appuntamento in sala Nervi a Savona, ringrazio quanti di voi hanno deciso di rimanere all&#8217;interno del gruppo e saluto i tanti nuovi entrati; un buon inizio verso la rinascita del nostro territorio&#8221; afferma l&#8217;esponente forzista. <\/p>\n<p>&#8220;L&#8217;intento di organizzare eventi che coinvolgessero quanti di voi hanno piacere di essere presenti e quanti di voi invece hanno piacere di seguire passo passo le nostre iniziative e quelle alle quali daremo la nostra adesione, si concretizza gi\u00e0 il 26 di questo mese, a Carcare, presso la Societ\u00e0 Operaia di Piazza Caravadossi, alle 20,30.<br \/>\nIl convegno dal titolo &#8221; Il valore della sicurezza nel territorio: il ruolo degli amministratori locali e delle forze dell&#8217; ordine&#8221;, tratter\u00e0 proprio degli argomenti che pi\u00f9 ci stanno a cuore, e quale sia l&#8217;approccio pi\u00f9 corretto da parte degli amministratori locali, per risolvere le problematiche pi\u00f9 cogenti&#8221;.<\/p>\n<p>&#8220;Un sincero ringraziamento va a Velio Degola e Gianni Martini, presidente e vice presidente del Comitato &#8220;A Carcare&#8221; che, come potete vedere nel volantino che ho allegato, hanno organizzato tutto nei minimi dettagli, permettendomi di intervenire. Siamo pronti a partire, ci aspetta un percorso meraviglioso&#8221; conclude Vaccarezza.<\/p>\n","protected":false},"excerpt":{"rendered":"<p>Prosegue l&#8217;iniziativa di Angelo Vaccarezza per avvicinare amministratori e territorio<\/p>\n","protected":false},"author":4,"featured_media":0,"comment_status":"open","ping_status":"closed","sticky":false,"template":"","format":"standard","meta":{"footnotes":""},"categories":[31],"tags":[100916,183],"class_list":["post-436117","post","type-post","status-publish","format-standard","hentry","category-politica","tag-barra-al-centro","tag-sicurezza","post_cat_citta-carcare","post_cat_citta-savona","post_tag_personaggi-angelo-vaccarezza"],"amp_validity":null,"amp_enabled":true,"_links":{"self":[{"href":"https:\/\/staging.ivg.it\/ediapi\/wp\/v2\/posts\/436117","targetHints":{"allow":["GET"]}}],"collection":[{"href":"https:\/\/staging.ivg.it\/ediapi\/wp\/v2\/posts"}],"about":[{"href":"https:\/\/staging.ivg.it\/ediapi\/wp\/v2\/types\/post"}],"author":[{"embeddable":true,"href":"https:\/\/staging.ivg.it\/ediapi\/wp\/v2\/users\/4"}],"replies":[{"embeddable":true,"href":"https:\/\/staging.ivg.it\/ediapi\/wp\/v2\/comments?post=436117"}],"version-history":[{"count":0,"href":"https:\/\/staging.ivg.it\/ediapi\/wp\/v2\/posts\/436117\/revisions"}],"wp:attachment":[{"href":"https:\/\/staging.ivg.it\/ediapi\/wp\/v2\/media?parent=436117"}],"wp:term":[{"taxonomy":"category","embeddable":true,"href":"https:\/\/staging.ivg.it\/ediapi\/wp\/v2\/categories?post=436117"},{"taxonomy":"post_tag","embeddable":true,"href":"https:\/\/staging.ivg.it\/ediapi\/wp\/v2\/tags?post=436117"}],"curies":[{"name":"wp","href":"https:\/\/api.w.org\/{rel}","templated":true}]}}