{"id":435863,"date":"2018-04-17T18:33:47","date_gmt":"2018-04-17T16:33:47","guid":{"rendered":"http:\/\/www.ivg.it\/?p=435863"},"modified":"2018-04-17T18:35:20","modified_gmt":"2018-04-17T16:35:20","slug":"aurelia-bis-la-talpa-accelera-la-marcia-domani-labbattimento-dellultimo-diaframma-via-schiantapetto","status":"publish","type":"post","link":"https:\/\/staging.ivg.it\/2018\/04\/aurelia-bis-la-talpa-accelera-la-marcia-domani-labbattimento-dellultimo-diaframma-via-schiantapetto\/","title":{"rendered":"Aurelia Bis, la talpa \u201caccelera\u201d la marcia: domani l&#8217;abbattimento dell&#8217;ultimo diaframma di via Schiantapetto"},"content":{"rendered":"<p><strong>Savona<\/strong>. Si concluder\u00e0 con una piccola (e per certi versi grande) sorpresa lo scavo dell&#8217;ultimo tunnel del cantiere dell&#8217;Aurelia Bis a Savona.<\/p>\n<p>Secondo i piani, la talpa che sta realizzando l&#8217;ultimo tratto della galleria nella zona della Rusca sarebbe dovuta \u201csbucare\u201d alla luce del sole venerd\u00ec prossimo, cio\u00e8 il 20 aprile. Invece i lavori sono andati pi\u00f9 velocemente del previsto e perci\u00f2 lo scavo verr\u00e0 completato gi\u00e0 nelle prossime ore.<\/p>\n<p>Stando alle stime di Anas e dei tecnici che stanno seguendo i lavori, la fresa Tbm taglier\u00e0 il \u201ctraguardo\u201d di via Schiantapetto nella mattinata di domani, giorno in cui dovrebbe tenersi anche la cerimonia ufficiale di completamento dei lavori partiti dalla vicina Albisola.<\/p>\n<p>Una volta uscita, per rimuovere la talpa sar\u00e0 necessaria una gru, che va installata a sua volta da un\u2019altra gru, una operazione non semplice e imponente, che avr\u00e0 conseguenze sulla viabilit\u00e0 savonese, <a href=\"http:\/\/www.ivg.it\/2018\/04\/aurelia-bis-savona-la-talpa-pronta-ad-uscire-cambia-la-viabilita\/\">come spiegato\u00a0giusto ieri<\/a>\u00a0dal vice sindaco di Savona Massimo Arecco e dal comandante della polizia municipale Igor Aloi.<\/p>\n","protected":false},"excerpt":{"rendered":"<p>Il tunnel della Rusca completato con due giorni di anticipo rispetto al programma<\/p>\n","protected":false},"author":12120,"featured_media":0,"comment_status":"open","ping_status":"closed","sticky":false,"template":"","format":"standard","meta":{"footnotes":""},"categories":[45296,34],"tags":[54538],"class_list":["post-435863","post","type-post","status-publish","format-standard","hentry","category-copertina","category-cronaca","tag-aurelia-bis-savona","post_cat_citta-savona"],"amp_validity":null,"amp_enabled":true,"_links":{"self":[{"href":"https:\/\/staging.ivg.it\/ediapi\/wp\/v2\/posts\/435863","targetHints":{"allow":["GET"]}}],"collection":[{"href":"https:\/\/staging.ivg.it\/ediapi\/wp\/v2\/posts"}],"about":[{"href":"https:\/\/staging.ivg.it\/ediapi\/wp\/v2\/types\/post"}],"author":[{"embeddable":true,"href":"https:\/\/staging.ivg.it\/ediapi\/wp\/v2\/users\/12120"}],"replies":[{"embeddable":true,"href":"https:\/\/staging.ivg.it\/ediapi\/wp\/v2\/comments?post=435863"}],"version-history":[{"count":0,"href":"https:\/\/staging.ivg.it\/ediapi\/wp\/v2\/posts\/435863\/revisions"}],"wp:attachment":[{"href":"https:\/\/staging.ivg.it\/ediapi\/wp\/v2\/media?parent=435863"}],"wp:term":[{"taxonomy":"category","embeddable":true,"href":"https:\/\/staging.ivg.it\/ediapi\/wp\/v2\/categories?post=435863"},{"taxonomy":"post_tag","embeddable":true,"href":"https:\/\/staging.ivg.it\/ediapi\/wp\/v2\/tags?post=435863"}],"curies":[{"name":"wp","href":"https:\/\/api.w.org\/{rel}","templated":true}]}}