{"id":435729,"date":"2018-04-16T15:34:43","date_gmt":"2018-04-16T13:34:43","guid":{"rendered":"http:\/\/www.ivg.it\/?p=435729"},"modified":"2018-04-16T15:35:38","modified_gmt":"2018-04-16T13:35:38","slug":"lex-ministro-maurizio-lupi-incontra-dirigenti-savonesi-litalia-ricostruire-centro-savona","status":"publish","type":"post","link":"https:\/\/staging.ivg.it\/2018\/04\/lex-ministro-maurizio-lupi-incontra-dirigenti-savonesi-litalia-ricostruire-centro-savona\/","title":{"rendered":"L&#8217;ex ministro Maurizio Lupi incontra i dirigenti savonesi di Noi con l&#8217;Italia: &#8220;Qui per ricostruire il centro a Savona&#8221;"},"content":{"rendered":"<p><strong>Savona<\/strong>. Ringraziare i sostenitori che si sono mobilitati in campagna elettorale e iniziare a \u201ccostruire il futuro\u201d. Sono queste le due ragioni che hanno portato Maurizio Lupi al Caff\u00e8 Mivida di corso Italia a Savona. Un momento di incontro e confronto con i dirigenti locali di Noi con L&#8217;Italia Matteo Marcenaro e Silvia Bottaro e delineare quella che, ad oggi, potrebbe essere la situazione politica a livello nazionale.<\/p>\n<p>\u201cIn questo fine settimana finiremo di vedere il retroscena e vedremo la scena \u2013 ha detto Lupi commentando le consultazioni che ormai da diversi giorni fanno da preludio alla composizione del nuovo governo \u2013 Ora ognuno si dovr\u00e0 assumere le proprie responsabilit\u00e0. Il presidente della Repubblica ha dettato i tempi con molta chiarezza. Lascer\u00e0 ancora poche ore alle forze politiche e poi ciascuno dovr\u00e0 dire se ha a cuore la costituzione del governo per dare una guida all&#8217;Italia o se pensa ancora di essere in campagna elettorale. Credo sia doveroso dare un governo al paese e credo che il centro-destra unito debba assumersi la responsabilit\u00e0 di proporre, di dare una soluzione. I veti in questo momento non servono a nessuno. Compreso quello di chi dice di rappresentare il nuovo e che il centro-destra votato dal 37 per cento degli italiani sia il vecchio\u201d.<\/p>\n<p>Dall&#8217;esterno, il centro-destra che per\u00f2 non sembra cos\u00ec solido. Ma Lupi non ha dubbi: \u201cLo stiamo dimostrando anche qui in Liguria, il centro-destra \u00e8 assolutamente compatto e lo far\u00e0 anche alle prossime elezioni amministrative. In Friuli e in Molise si \u00e8 presentato unito. La forza del centro-destra sta proprio nell&#8217;essere unito nonostante la differenze tra le sue anime. Non c&#8217;\u00e8 bisogno di comprare nessuno. Salvini \u00e8 il leader della Lega, che gli elettori del centro-destra hanno indicato essere il primo partito. Quindi ha la responsabilit\u00e0 di guidare la coalizione di centro-destra. E&#8217; giusto interloquire con Salvini e credo che lui abbia dimostrato e dimostrer\u00e0 di non stare al gioco di chi divide o spacca di pi\u00f9. Il tema \u00e8 il M5S: esca dal gioco degli specchi ed inizi, se vuole, ad assumersi le responsabilit\u00e0. Se no si troveranno altre strade\u201d.<\/p>\n<p>Tornando alla trasferta savonese di Lupi, l&#8217;ex ministro si \u00e8 recato all&#8217;ombra della Torretta per \u201cringraziare tutti i nostri amici che si sono mobilitati per la campagna elettorale e iniziare a costruire il futuro. L&#8217;anno prossimo ci saranno le elezioni europee e anche quest&#8217;anno si vota in tanti comuni savonesi. Si tratta di non dismettere ma di rilanciare la presenza di Noi con l&#8217;Italia, che ha dimostrato di aver dato il suo contributo. C&#8217;\u00e8 bisogno di forza moderata e di centro\u201d.<\/p>\n<p>A livello locale il centro pare essere scomparso. Negli anni scorsi l&#8217;Udc era una spalla importante per il Pd, ora siamo all&#8217;opposto e si tratta di ricreare il retroterra: \u201cNoi con l&#8217;Italia fin da subito ha giocato per cambiare il governo della Liguria, schierandosi a fianco del presidente Toti. Tra l&#8217;altro ricordo che da due anni c&#8217;\u00e8 una maggioranza che si regge con un solo voto in pi\u00f9 rispetto alla minoranza e il centro-destra ha dimostrato grande responsabilit\u00e0 con il nostro consigliere regionale Andrea Costa. Il compito ora non \u00e8 prendere i voti ma ricreare un tessuto culturale, un giudizio sulle cose che accadono, una ricostruzione del rapporto con i corpi intermedi, con le associazioni di volontariato, con quei valori che da sempre il centro rappresenta. Si tratta di rimboccarsi le maniche e di testimoniare ancora una volta la politica come servizio al bene comune. Lo dobbiamo fare in Liguria come in tutta Italia e lo dobbiamo fare in particolare con un interlocutore come Forza Italia che \u00e8 complementare alla nostra proposta\u201d.<\/p>\n","protected":false},"excerpt":{"rendered":"<p>&#8220;Si tratta di rimboccarsi le maniche e di testimoniare ancora una volta la politica come servizio al bene comune&#8221;<\/p>\n","protected":false},"author":12120,"featured_media":0,"comment_status":"open","ping_status":"closed","sticky":false,"template":"","format":"standard","meta":{"footnotes":""},"categories":[31],"tags":[99195],"class_list":["post-435729","post","type-post","status-publish","format-standard","hentry","category-politica","tag-noi-con-litalia","post_cat_citta-savona","post_tag_personaggi-matteo-marcenaro","post_tag_personaggi-maurizio-lupi","post_tag_personaggi-silvia-bottaro"],"amp_validity":null,"amp_enabled":true,"_links":{"self":[{"href":"https:\/\/staging.ivg.it\/ediapi\/wp\/v2\/posts\/435729","targetHints":{"allow":["GET"]}}],"collection":[{"href":"https:\/\/staging.ivg.it\/ediapi\/wp\/v2\/posts"}],"about":[{"href":"https:\/\/staging.ivg.it\/ediapi\/wp\/v2\/types\/post"}],"author":[{"embeddable":true,"href":"https:\/\/staging.ivg.it\/ediapi\/wp\/v2\/users\/12120"}],"replies":[{"embeddable":true,"href":"https:\/\/staging.ivg.it\/ediapi\/wp\/v2\/comments?post=435729"}],"version-history":[{"count":0,"href":"https:\/\/staging.ivg.it\/ediapi\/wp\/v2\/posts\/435729\/revisions"}],"wp:attachment":[{"href":"https:\/\/staging.ivg.it\/ediapi\/wp\/v2\/media?parent=435729"}],"wp:term":[{"taxonomy":"category","embeddable":true,"href":"https:\/\/staging.ivg.it\/ediapi\/wp\/v2\/categories?post=435729"},{"taxonomy":"post_tag","embeddable":true,"href":"https:\/\/staging.ivg.it\/ediapi\/wp\/v2\/tags?post=435729"}],"curies":[{"name":"wp","href":"https:\/\/api.w.org\/{rel}","templated":true}]}}