{"id":435667,"date":"2018-04-15T14:15:17","date_gmt":"2018-04-15T12:15:17","guid":{"rendered":"http:\/\/www.ivg.it\/?p=435667"},"modified":"2018-04-15T14:19:16","modified_gmt":"2018-04-15T12:19:16","slug":"alassio-conclusa-la-dragon-week-successo-tedesco","status":"publish","type":"post","link":"https:\/\/staging.ivg.it\/2018\/04\/alassio-conclusa-la-dragon-week-successo-tedesco\/","title":{"rendered":"Alassio: conclusa la Dragon Week con il successo tedesco"},"content":{"rendered":"<p><strong>Alassio.<\/strong> <strong>Tre prove<\/strong> uscite dal cilindro di una primavera imprevedibile e capricciosa. <strong>Si chiude cos\u00ec la Dragon Week alassina,<\/strong> una tre giorni che ha saputo regalare forti emozioni.<\/p>\n<p><strong>La regolarit\u00e0 di Marcus Brennecke, l&#8217;esperienza di Jochen Sch\u00fcmann e Ingo Borkowski alla prua hanno fatto la differenza. Sono loro i leader di questa Dragon Week.<\/strong><\/p>\n<p>&#8220;Una bellissima esperienza \u2013 commenta <strong>Jochen Sch\u00fcmann<\/strong>, sei Olimpiadi con quattro medaglie, tre ori e un argento, vera e propria leggenda della vela mondiale -. Al momento siamo anche in testa alla classifica quindi direi che \u00e8 andato tutto alla perfezione&#8221;.<\/p>\n<p>Il vincitore della America&#8217;s Cup (Alinghi 2009) parla pochi istanti prima che il comitato di regata ammaini l&#8217;Intelligenza, confermando la leadership della Dragon Week.<\/p>\n<p>&#8220;<strong>Abbiamo regatato con diverse condizioni di vento<\/strong> \u2013 continua \u2013. <strong>L&#8217;organizzazione in mare e a terra \u00e8 stata davvero ineccepibile. Noi siamo stati regolari e questo ci ha premiato<\/strong>. Questa \u00e8 una barca davvero molto bella, forse non troppo veloce, ma impegnativa e divertente&#8221;.<\/p>\n<p><strong>Diego Negri,<\/strong> olimpionico e leader della classifica degli skipper della Star Sailor League, conferma le condizioni estreme che il Mar Ligure ha riservato ai regatanti nelle ultime settimane: &#8220;Gioved\u00ec non abbiamo potuto allenarci e ieri una sola prova.<strong> Non siamo stati fortunati, per\u00f2 le regate sono state davvero belle. Il campo di Alassio non lo ricordavo, ma \u00e8 davvero difficile<\/strong>, le piogge di questi giorni hanno portato forti flussi di corrente, vento oscillante&#8230; \u00e8 stato bello, davvero&#8221;<\/p>\n<p>Le prove degli equipaggi italiani erano valide per il campionato nazionale della categoria. <strong>Giuseppe Duca (Compagnia della Vela) e il suo Cloud (ITA 56) con il settimo posto nella seconda giornata di regate si aggiudica la vetta della classifica italiana della tappa,<\/strong> davanti a Michele Benvenuti (ITA 64) della Lega Navale Riva del Garda, primo fra i Corinthians, terzo posto per Alberto Marconi su Fafnir (ITA 41) dello Yacht Club Italiano<\/p>\n<p><strong>Cala il sipario sulla stagione del CNAM Alassio.<\/strong> &#8220;<strong>Una stagione complessa<\/strong> &#8211; commenta <strong>Ennio Pogliano<\/strong>, presidente del Cnam Alassio \u2013,<strong> caratterizzata da condizioni meteo spesso estreme che ci hanno costretto a vere e proprie acrobazie per incastrare le regate dei diversi appuntamenti del calendario<\/strong>. Questo weekend non \u00e8 stato diverso dalle altre situazioni in cui comunque abbiamo consentito agli equipaggi di disputare prove divertenti e dinamiche. Una soddisfazione la nostra condivisa con gli equipaggi che anche in questa occasione ci stanno testimoniando grande apprezzamento&#8221;.<\/p>\n<p>Cala il sipario anche su Casa Alassio la tensostruttura allestita all&#8217;interno del Porto Luca Ferrero, grazie alla collaborazione con Frantoio Armato, Home Partners Consulting, Vini Bersano, Pasqualini il Caff\u00e8 e allo sponsor tecnico Gill, che \u00e8 stata la sede operativa sulla terraferma di tutte le manifestazioni.<\/p>\n<p><em>Foto<\/em> di Andrea Carloni.<\/p>\n","protected":false},"excerpt":{"rendered":"<p>Brennecke, Sch\u00fcmann e Borkowski vincono la tappa; Giuseppe Duca primo tra gli italiani<\/p>\n","protected":false},"author":18,"featured_media":0,"comment_status":"open","ping_status":"closed","sticky":false,"template":"","format":"standard","meta":{"footnotes":""},"categories":[45296,42377,32],"tags":[8044,101055,429],"class_list":["post-435667","post","type-post","status-publish","format-standard","hentry","category-copertina","category-altri-sport","category-sport","tag-cnam-alassio","tag-dragoni","tag-vela","post_cat_citta-alassio","post_tag_personaggi-diego-negri","post_tag_personaggi-ennio-pogliano","post_tag_personaggi-giuseppe-duca","post_tag_personaggi-ingo-borkowski","post_tag_personaggi-jochen-schumann","post_tag_personaggi-marcus-brennecke"],"amp_validity":null,"amp_enabled":true,"_links":{"self":[{"href":"https:\/\/staging.ivg.it\/ediapi\/wp\/v2\/posts\/435667","targetHints":{"allow":["GET"]}}],"collection":[{"href":"https:\/\/staging.ivg.it\/ediapi\/wp\/v2\/posts"}],"about":[{"href":"https:\/\/staging.ivg.it\/ediapi\/wp\/v2\/types\/post"}],"author":[{"embeddable":true,"href":"https:\/\/staging.ivg.it\/ediapi\/wp\/v2\/users\/18"}],"replies":[{"embeddable":true,"href":"https:\/\/staging.ivg.it\/ediapi\/wp\/v2\/comments?post=435667"}],"version-history":[{"count":0,"href":"https:\/\/staging.ivg.it\/ediapi\/wp\/v2\/posts\/435667\/revisions"}],"wp:attachment":[{"href":"https:\/\/staging.ivg.it\/ediapi\/wp\/v2\/media?parent=435667"}],"wp:term":[{"taxonomy":"category","embeddable":true,"href":"https:\/\/staging.ivg.it\/ediapi\/wp\/v2\/categories?post=435667"},{"taxonomy":"post_tag","embeddable":true,"href":"https:\/\/staging.ivg.it\/ediapi\/wp\/v2\/tags?post=435667"}],"curies":[{"name":"wp","href":"https:\/\/api.w.org\/{rel}","templated":true}]}}