{"id":435502,"date":"2018-04-13T11:02:37","date_gmt":"2018-04-13T09:02:37","guid":{"rendered":"http:\/\/www.ivg.it\/?p=435502"},"modified":"2018-04-13T12:15:28","modified_gmt":"2018-04-13T10:15:28","slug":"armonia-natura-cultura-albenganese-protagonista-dei-convegni-alluniversita-pontificia","status":"publish","type":"post","link":"https:\/\/staging.ivg.it\/2018\/04\/armonia-natura-cultura-albenganese-protagonista-dei-convegni-alluniversita-pontificia\/","title":{"rendered":"Armonia tra natura e cultura, una albenganese protagonista dei convegni all&#8217;Universit\u00e0 Pontificia"},"content":{"rendered":"<p><strong>Albenga. <\/strong>Un importante progetto di ricerca nell&#8217;ottica dell&#8217;Enciclica Laudato si&#8217; \u00e8 in via di sviluppo presso la Pontificia Universit\u00e0 Antonianum con sede a Roma in Via Merulana. Il fine accademico \u00e8 quello di definire, approfondire e sviluppare il concetto di &#8220;ecologia integrale&#8221;: armonia tra natura e cultura nonch\u00e9 tra questione ambientale e questione antropologico\u2013 sociale. L&#8217;accademia si mette in ascolto dell&#8217;impresa, ribaltando la piramide classica dei saperi, nell&#8217;ottica della creazione di un nuovo paradigma, di un nuovo umanesimo, auspicato dalla Laudato si&#8217;. Si attua cosi il passaggio dalla competizione alla collaborazione e dalla collaborazione al servizio, presupposto per la soluzione dei conflitti.<\/p>\n<p>All&#8217;interno di questo progetto si inseriscono quattro convegni sul tema della pace, letta attraverso gli strumenti applicativi della mediazione. &#8220;La Pace del cuore \u00e8 un bisogno dell&#8217;uomo! \u2013 spiega Raffaella Verga, albenganese, coordinatore dei convegni \u2013 Lavoriamo insieme, uniti e solidali, per ingenerare una nuova mentalit\u00e0 della Pace!&#8221;.<\/p>\n<p>Un programma sulle tecniche e gli strumenti dell&#8217;alternative dispute resolution (ADR) nei settori della scuola, della famiglia, del penale e dell&#8217;aziendale, al fine di &#8220;generare climi e contesti di Pace&#8221;.<\/p>\n<p>Il percorso si apre il prossimo 16 Aprile con il convegno &#8216;Mediazione e bullismo&#8217; che tratta il tema del conflitto in ambiente scolastico per apportare nuovi sguardi trasformativi. Nelle giornate del 03 maggio, 17 maggio e 7 giugno i temi affrontati saranno: &#8216;Al cuore della famiglia&#8217;, &#8216;Perdono e penale&#8217;, &#8216;Cultura della Pace in azienda&#8217;, e vedranno la partecipazione dell&#8217;universit\u00e0 della Pace dell&#8217;ONU e del Centro di ricerca sulla pace dell&#8217;Universit\u00e0 di Pisa. Alcuni dei relatori: Oriana Ippoliti Tecnologo CNR, Antonio Gaspari direttore editoriale di Frammenti di Pace, per il Garante Nazionale dei diritti del detenuto Daniela de Robert, Giulio Murano capo servizio giuridico legale \u2013 corpo militare EI \u2013 SMOM e la nota influencer Silvia Casonato. I<\/p>\n<p>l percorso \u00e8 progetto e coordinato da Maria Pia Barontini Vice Procuratore Onorario e dalla psicologa e scrittrice Raffaella Verga, entrambe anche relatori.<\/p>\n","protected":false},"excerpt":{"rendered":"<p>Le parole di Raffaella Verga: &#8220;Lavoriamo insieme, uniti e solidali, per ingenerare una nuova mentalit\u00e0 della Pace&#8221;<\/p>\n","protected":false},"author":4,"featured_media":0,"comment_status":"open","ping_status":"closed","sticky":false,"template":"","format":"standard","meta":{"footnotes":""},"categories":[56],"tags":[],"class_list":["post-435502","post","type-post","status-publish","format-standard","hentry","category-altre","post_cat_citta-albenga","post_tag_personaggi-raffaella-verga"],"amp_validity":null,"amp_enabled":true,"_links":{"self":[{"href":"https:\/\/staging.ivg.it\/ediapi\/wp\/v2\/posts\/435502","targetHints":{"allow":["GET"]}}],"collection":[{"href":"https:\/\/staging.ivg.it\/ediapi\/wp\/v2\/posts"}],"about":[{"href":"https:\/\/staging.ivg.it\/ediapi\/wp\/v2\/types\/post"}],"author":[{"embeddable":true,"href":"https:\/\/staging.ivg.it\/ediapi\/wp\/v2\/users\/4"}],"replies":[{"embeddable":true,"href":"https:\/\/staging.ivg.it\/ediapi\/wp\/v2\/comments?post=435502"}],"version-history":[{"count":0,"href":"https:\/\/staging.ivg.it\/ediapi\/wp\/v2\/posts\/435502\/revisions"}],"wp:attachment":[{"href":"https:\/\/staging.ivg.it\/ediapi\/wp\/v2\/media?parent=435502"}],"wp:term":[{"taxonomy":"category","embeddable":true,"href":"https:\/\/staging.ivg.it\/ediapi\/wp\/v2\/categories?post=435502"},{"taxonomy":"post_tag","embeddable":true,"href":"https:\/\/staging.ivg.it\/ediapi\/wp\/v2\/tags?post=435502"}],"curies":[{"name":"wp","href":"https:\/\/api.w.org\/{rel}","templated":true}]}}