{"id":435349,"date":"2018-04-10T19:11:31","date_gmt":"2018-04-10T17:11:31","guid":{"rendered":"http:\/\/www.ivg.it\/?p=435349"},"modified":"2018-04-10T19:16:02","modified_gmt":"2018-04-10T17:16:02","slug":"via-dal-calendario-venatorio-le-specie-cacciabili-rischio-estinzione-bagarre-consiglio-regionale","status":"publish","type":"post","link":"https:\/\/staging.ivg.it\/2018\/04\/via-dal-calendario-venatorio-le-specie-cacciabili-rischio-estinzione-bagarre-consiglio-regionale\/","title":{"rendered":"Via dal calendario venatorio le specie cacciabili a rischio di estinzione, bagarre in Consiglio regionale"},"content":{"rendered":"<p><strong>Liguria.<\/strong> Il consigliere regionale Marco De Ferrari (Movimento 5 Stelle) con un\u2019interpellanza, sottoscritta dall\u2019intero gruppo, ha chiesto alla giunta perch\u00e9 non siano state espunte dall\u2019elenco delle specie cacciabili del calendario venatorio il moriglione, la pavoncella, la tortora selvatica e il tordo sassello che, secondo il consigliere, risulterebbero minacciate a livello mondiale. Il consigliere ha chiesto, inoltre,  alla giunta quali iniziative intenda promuovere per garantire la conservazione e la protezione per queste specie.<\/p>\n<p>&#8220;L&#8217;assessore Mai tira dritto per la sua strada e rifiuta di ascoltare gli appelli delle associazioni ambientaliste-animaliste, come in questo caso Lipu Italia, che nel mese di maggio 2017 si sono fatte portavoce di studi di rilievo internazionale come il Birds in Europe 3 di Birdlife International, lanciando l&#8217;allarme sulla grave minaccia a cui sono sottoposti gli uccelli selvatici e migratori in Liguria. Cinque delle quali in categoria SPEC 1, ossia minacciate a livello mondiale&#8221;.<\/p>\n<p>&#8220;Una strage inaccettabile che la Giunta Toti rifiuta di riconoscere e affrontare, come ha dimostrato ancora una volta l&#8217;assessore Mai in Aula&#8221;.<\/p>\n<p>&#8220;Noi non ci arrendiamo. Oggi in Consiglio regionale con un&#8217;interrogazione sul tema abbiamo chiesto &#8211; e lo ribadiremo in Commissione III &#8211; l&#8217;attuazione di un piano di protezione speciale per tutti gli uccelli selvatici e migratori, con particolare attenzione alle specie minacciate a livello mondiale e che si trovano in uno stato di conservazione sfavorevole&#8221;.<\/p>\n<p>&#8220;Da Regione e da tutte le istituzioni, a partire dai ministeri dell&#8217;Agricoltura e dell&#8217;Ambiente, ci attendiamo interventi concreti per fermare questa strage. Insieme alle associazioni ambientaliste, continueremo a fare la nostra parte in questa battaglia fondamentale e quanto mai attuale nel 2018, anno mondiale per la protezione dell&#8217;avifauna migratoria che celebra il centenario del Migratory bird treaty act, il primo atto internazionale per la protezione degli uccelli migratori firmato nel 1918&#8221;.<\/p>\n<p>&#8220;Solo nell&#8217;area del Mediterraneo si stima che ogni anno vengano abbattuti fino a 36 milioni di uccelli, vittime di caccia e bracconaggio. Una specie estinta \u00e8 persa per sempre e, per riportare le parole del grande etologo Danilo Mainardi scomparso solo un anno fa, &#8220;ogni estinzione \u00e8 sempre una tragedia&#8221;.<\/p>\n<p>Ha risposto l\u2019assessore alla caccia Stefano Mai il quale ha sottolineato che il calendario venatorio 2018-19 prevede misure ancora pi\u00f9 restrittive sia sulle specie cacciabili che sui giorni in cui \u00e8 aperta l\u2019attivit\u00e0 venatoria e ha ricordato che la Liguria \u00e8 fra le Regioni pi\u00f9 attente agli aspetti ambientali e alle indicazioni dell\u2019ISPRA.<\/p>\n","protected":false},"excerpt":{"rendered":"<p>Botta e risposta in aula sul documento presentato dal consigliere del M5S. La risposta dell&#8217;assessore Mai<\/p>\n","protected":false},"author":4,"featured_media":0,"comment_status":"open","ping_status":"closed","sticky":false,"template":"","format":"standard","meta":{"footnotes":""},"categories":[31],"tags":[899,1752,44585],"class_list":["post-435349","post","type-post","status-publish","format-standard","hentry","category-politica","tag-caccia","tag-consiglio-regionale","tag-m5s","post_tag_personaggi-marco-ferrari","post_tag_personaggi-stefano-mai"],"amp_validity":null,"amp_enabled":true,"_links":{"self":[{"href":"https:\/\/staging.ivg.it\/ediapi\/wp\/v2\/posts\/435349","targetHints":{"allow":["GET"]}}],"collection":[{"href":"https:\/\/staging.ivg.it\/ediapi\/wp\/v2\/posts"}],"about":[{"href":"https:\/\/staging.ivg.it\/ediapi\/wp\/v2\/types\/post"}],"author":[{"embeddable":true,"href":"https:\/\/staging.ivg.it\/ediapi\/wp\/v2\/users\/4"}],"replies":[{"embeddable":true,"href":"https:\/\/staging.ivg.it\/ediapi\/wp\/v2\/comments?post=435349"}],"version-history":[{"count":0,"href":"https:\/\/staging.ivg.it\/ediapi\/wp\/v2\/posts\/435349\/revisions"}],"wp:attachment":[{"href":"https:\/\/staging.ivg.it\/ediapi\/wp\/v2\/media?parent=435349"}],"wp:term":[{"taxonomy":"category","embeddable":true,"href":"https:\/\/staging.ivg.it\/ediapi\/wp\/v2\/categories?post=435349"},{"taxonomy":"post_tag","embeddable":true,"href":"https:\/\/staging.ivg.it\/ediapi\/wp\/v2\/tags?post=435349"}],"curies":[{"name":"wp","href":"https:\/\/api.w.org\/{rel}","templated":true}]}}