{"id":434080,"date":"2018-03-23T18:28:15","date_gmt":"2018-03-23T17:28:15","guid":{"rendered":"http:\/\/www.ivg.it\/?p=434080"},"modified":"2018-03-23T18:29:32","modified_gmt":"2018-03-23T17:29:32","slug":"esordio-parlamento-neo-deputati-senatori-savonesi","status":"publish","type":"post","link":"https:\/\/staging.ivg.it\/2018\/03\/esordio-parlamento-neo-deputati-senatori-savonesi\/","title":{"rendered":"Esordio in parlamento per i neo deputati e senatori savonesi"},"content":{"rendered":"<p><strong>Liguria.<\/strong> Sono stati certamente colpiti da uno stato d&#8217;animo da \u201cprimo giorno di scuola\u201d i neo parlamentari savonesi che quest&#8217;oggi, per la prima volta, si sono seduti tra gli scranni della Camera dei Deputati e del Senato della Repubblica a Roma.<\/p>\n<p>Sara Foscolo, neo deputato della Lega, scrive sul suo profilo Facebook: \u201cPrimo giorno di lavoro in Parlamento. Una grandissima emozione\u201d.<\/p>\n<p>E poi, commentando il video in cui il presidente provvisorio, Robero Giachetti, comunica all&#8217;assemblea la scomparsa di Rosy Guarnieri scatenando l&#8217;applauso di tutti i presenti, Foscolo aggiunge: \u201cCiao Rosy! Oggi eri seduta al nostro fianco!\u201d<\/p>\n<p><iframe loading=\"lazy\" style=\"border: none; overflow: hidden;\" src=\"https:\/\/www.facebook.com\/plugins\/post.php?href=https%3A%2F%2Fwww.facebook.com%2Fsarafoscolo.lega%2Fposts%2F2032723286941238&amp;width=500\" width=\"500\" height=\"472\" frameborder=\"0\" scrolling=\"no\"><\/iframe><\/p>\n<p>Il neo senatore del Carroccio, Paolo Ripamonti, manda a tutti i suoi contatti Facebook i \u201cSaluti dall\u2019aula\u201d e condivide alcune immagini delle prime operazioni di voto avvenute oggi.<\/p>\n<p><iframe loading=\"lazy\" style=\"border: none; overflow: hidden;\" src=\"https:\/\/www.facebook.com\/plugins\/post.php?href=https%3A%2F%2Fwww.facebook.com%2FPaoloRipamontiLegaNord%2Fposts%2F742636172607464&amp;width=500\" width=\"500\" height=\"472\" frameborder=\"0\" scrolling=\"no\"><\/iframe><\/p>\n<p>Eletto nel collegio uninominale Liguria 1 (per le province di Savona e Imperia), Ripamonti commenta: &#8220;\u00c8 emozionante, entrare nella storia del nostro Paese, dove si legifera e si pu\u00f2 incidere sulle vite dei cittadini: spero di essere all&#8217;altezza. \u00c8 stato un bel risultato riuscire a strappare un pezzo della nostra terra, della nostra Liguria e portarlo in questo contesto interessante e determinante per le nostre sorti. Dovremo cercare di fare in modo che quanto avviene qui dentro in Parlamento possa essere di beneficio per la nostra terra&#8221;.<\/p>\n<p><iframe loading=\"lazy\" style=\"border: none; overflow: hidden;\" src=\"https:\/\/www.facebook.com\/plugins\/video.php?href=https%3A%2F%2Fwww.facebook.com%2FPaoloRipamontiLegaNord%2Fvideos%2F742744882596593%2F&amp;show_text=0&amp;width=560\" width=\"560\" height=\"315\" frameborder=\"0\" scrolling=\"no\" allowfullscreen=\"allowfullscreen\"><\/iframe><\/p>\n<p>Franco Vazio, riconfermato alla Camera dei Deputati tra le fila del Pd, promette il massimo impegno: \u201cE\u2019 iniziata la XVIII Legislatura, questa volta dai banchi dell&#8217;opposizione. Come 5 anni fa oggi sono entrato alla\u00a0Camera dei deputati\u00a0ancora con rinnovata emozione. Ora al lavoro, al servizio del Paese e del mio Territorio con rinnovato impegno e grande passione\u201d.<\/p>\n<p><iframe loading=\"lazy\" style=\"border: none; overflow: hidden;\" src=\"https:\/\/www.facebook.com\/plugins\/post.php?href=https%3A%2F%2Fwww.facebook.com%2Ffrancovazioufficiale%2Fposts%2F1777459155607743&amp;width=500\" width=\"500\" height=\"702\" frameborder=\"0\" scrolling=\"no\"><\/iframe><\/p>\n<p>Matteo Mantero del M5S pubblica una foto di s\u00e9 e dei suoi colleghi parlamentari pentastellati: \u201cSi comincia\u201d.<\/p>\n<p><iframe loading=\"lazy\" style=\"border: none; overflow: hidden;\" src=\"https:\/\/www.facebook.com\/plugins\/post.php?href=https%3A%2F%2Fwww.facebook.com%2Fmatteomantero.m5s%2Fposts%2F1481136895348552%3A0&amp;width=500\" width=\"500\" height=\"590\" frameborder=\"0\" scrolling=\"no\"><\/iframe><\/p>\n<p>Sergio Battelli aggiunge: \u201cEcco la Liguria a 5 stelle. Che spettacolo&#8221;.<\/p>\n<p>E Simone Valente si limita a ripubblicare una foto della \u201ctruppa\u201d pentastellata con gli hashtag #Portavoce\u00a0#Liguria\u00a0#movimento5stelle\u00a0#primogiorno.<\/p>\n","protected":false},"excerpt":{"rendered":"<p>La prima assemblea della 18^ legislatura si \u00e8 aperta con un lungo applauso dedicato a Rosy Guarnieri<\/p>\n","protected":false},"author":12120,"featured_media":0,"comment_status":"open","ping_status":"closed","sticky":false,"template":"","format":"standard","meta":{"footnotes":""},"categories":[45296,31],"tags":[99193,34052,79537,51385],"class_list":["post-434080","post","type-post","status-publish","format-standard","hentry","category-copertina","category-politica","tag-elezioni-2018","tag-lega-nord-liguria","tag-movimento-5-stelle-liguria","tag-pd-liguria","post_cat_citta-savona","post_tag_personaggi-franco-vazio","post_tag_personaggi-matteo-mantero","post_tag_personaggi-paolo-ripamonti","post_tag_personaggi-sara-foscolo","post_tag_personaggi-sergio-battelli","post_tag_personaggi-simone-valente"],"amp_validity":null,"amp_enabled":true,"_links":{"self":[{"href":"https:\/\/staging.ivg.it\/ediapi\/wp\/v2\/posts\/434080","targetHints":{"allow":["GET"]}}],"collection":[{"href":"https:\/\/staging.ivg.it\/ediapi\/wp\/v2\/posts"}],"about":[{"href":"https:\/\/staging.ivg.it\/ediapi\/wp\/v2\/types\/post"}],"author":[{"embeddable":true,"href":"https:\/\/staging.ivg.it\/ediapi\/wp\/v2\/users\/12120"}],"replies":[{"embeddable":true,"href":"https:\/\/staging.ivg.it\/ediapi\/wp\/v2\/comments?post=434080"}],"version-history":[{"count":0,"href":"https:\/\/staging.ivg.it\/ediapi\/wp\/v2\/posts\/434080\/revisions"}],"wp:attachment":[{"href":"https:\/\/staging.ivg.it\/ediapi\/wp\/v2\/media?parent=434080"}],"wp:term":[{"taxonomy":"category","embeddable":true,"href":"https:\/\/staging.ivg.it\/ediapi\/wp\/v2\/categories?post=434080"},{"taxonomy":"post_tag","embeddable":true,"href":"https:\/\/staging.ivg.it\/ediapi\/wp\/v2\/tags?post=434080"}],"curies":[{"name":"wp","href":"https:\/\/api.w.org\/{rel}","templated":true}]}}