{"id":43306,"date":"2008-12-09T12:57:25","date_gmt":"2008-12-09T11:57:25","guid":{"rendered":"http:\/\/www.ivg.it\/2008\/12\/09\/maltempo-torna-lallerta-meteo\/"},"modified":"2008-12-10T07:52:30","modified_gmt":"2008-12-10T06:52:30","slug":"maltempo-torna-lallerta-meteo","status":"publish","type":"post","link":"https:\/\/staging.ivg.it\/2008\/12\/maltempo-torna-lallerta-meteo\/","title":{"rendered":"Maltempo: torna l&#8217;allerta meteo"},"content":{"rendered":"<p>[thumb:4919:l]<strong>Regione<\/strong>. Messaggio di allerta neve a partire dal tardo pomeriggio di oggi e fino alla mezzanotte di domani in Liguria: lo ha lanciato la Protezione Civile della Regione. Inoltre il gruppo Ferrovie dello Stato informa che, a causa del maltempo nella regione francese di Lione, i treni internazionali per Nizza si fermeranno e partiranno da Ventimiglia.<\/p>\n<p>Il percorso Nizza-Ventimiglia sar\u00e0 svolto con autobus. L&#8217;allerta uno (il pi\u00f9 basso) riguarda i bacini liguri padani di ponente e levante, dove nevicher\u00e0 anche a quote basse, ed i bacini marittimi delle province di Genova e Savona, dove la neve cadr\u00e0 oltre i 400-600 metri di quota, con sconfinamenti locali sulla costa genovese. Nelle province di Imperia e La Spezia, invece, la quota neve \u00e8 prevista oltre i 600 metri in nottata.<\/p>\n<p>Anche la Societ\u00e0 Autostrade per l&#8217;Italia prevede difficolt\u00e0 su A6 Torino-Savona, A7 Milano-Genova ed A26 Genova-Gravellona Toce, dove \u00e8 stato predisposto il piano antineve. Per dopodomani, gioved\u00ec, la quota neve si alzer\u00e0 intorno agli 800-mille metri. I venti saranno di burrasca sui 60-70 chilometri orari, con mare molto mosso sotto costa.<\/p>\n","protected":false},"excerpt":{"rendered":"<p>[thumb:4919:l]Regione. Messaggio di allerta neve a partire dal tardo pomeriggio di oggi e fino alla mezzanotte di domani in Liguria: lo ha lanciato la Protezione Civile della Regione. Inoltre il gruppo Ferrovie dello Stato informa che, a causa del maltempo nella regione francese di Lione, i treni internazionali per Nizza si fermeranno e partiranno da [&hellip;]<\/p>\n","protected":false},"author":13744,"featured_media":0,"comment_status":"open","ping_status":"closed","sticky":false,"template":"","format":"standard","meta":{"footnotes":""},"categories":[],"tags":[3144,598],"class_list":["post-43306","post","type-post","status-publish","format-standard","hentry","tag-allerta-meteo","tag-neve","post_cat_citta-andora"],"amp_validity":null,"amp_enabled":true,"_links":{"self":[{"href":"https:\/\/staging.ivg.it\/ediapi\/wp\/v2\/posts\/43306","targetHints":{"allow":["GET"]}}],"collection":[{"href":"https:\/\/staging.ivg.it\/ediapi\/wp\/v2\/posts"}],"about":[{"href":"https:\/\/staging.ivg.it\/ediapi\/wp\/v2\/types\/post"}],"author":[{"embeddable":true,"href":"https:\/\/staging.ivg.it\/ediapi\/wp\/v2\/users\/13744"}],"replies":[{"embeddable":true,"href":"https:\/\/staging.ivg.it\/ediapi\/wp\/v2\/comments?post=43306"}],"version-history":[{"count":0,"href":"https:\/\/staging.ivg.it\/ediapi\/wp\/v2\/posts\/43306\/revisions"}],"wp:attachment":[{"href":"https:\/\/staging.ivg.it\/ediapi\/wp\/v2\/media?parent=43306"}],"wp:term":[{"taxonomy":"category","embeddable":true,"href":"https:\/\/staging.ivg.it\/ediapi\/wp\/v2\/categories?post=43306"},{"taxonomy":"post_tag","embeddable":true,"href":"https:\/\/staging.ivg.it\/ediapi\/wp\/v2\/tags?post=43306"}],"curies":[{"name":"wp","href":"https:\/\/api.w.org\/{rel}","templated":true}]}}