{"id":431460,"date":"2018-02-19T08:56:37","date_gmt":"2018-02-19T07:56:37","guid":{"rendered":"\/\/www.ivg.it\/?p=431460"},"modified":"2018-02-19T08:56:37","modified_gmt":"2018-02-19T07:56:37","slug":"savona-si-conclude-carnevale-cicciolin-ai-bambini-finche-potete-non-mettete-la-maschera-siate","status":"publish","type":"post","link":"https:\/\/staging.ivg.it\/2018\/02\/savona-si-conclude-carnevale-cicciolin-ai-bambini-finche-potete-non-mettete-la-maschera-siate\/","title":{"rendered":"A Savona si conclude il Carnevale, Cicciolin ai bambini: &#8220;Finch\u00e8 potete non mettete la maschera, siate voi stessi&#8221;"},"content":{"rendered":"<p><strong>Savona.<\/strong> Domenica 18 febbraio, in una giornata fredda e molto ventosa, di quelle che non invitano ad uscire di casa, si \u00e8 concluso il Carnevale di Savona che Assonautica e Campanassa hanno organizzato insieme.<\/p>\n<p>I preparativi per la festa sono iniziati nel primo pomeriggio con il montaggio della struttura per la \u201cPentolaccia\u201d, con la sistemazione delle postazioni delle due associazioni e del trono per Re Cicciolin. Allo stand di Assonautica erano presenti i soci del \u201cGruppo Arti Marinare\u201d, con tanti quadretti di nodi marinari ed altri gadget, pronti ad accogliere i piccoli marinai di domani e a soddisfare la loro entusiastica curiosit\u00e0 verso tutto ci\u00f2 che riguarda la marineria.<\/p>\n<p>Allo stand della Campanassa c&#8217;erano regali per i bambini che portavano un disegno raffigurante Re Cicciolin e la sua Corte, ma c&#8217;erano regali anche per chi il disegno non l&#8217;aveva, con l&#8217;invito a portarlo nei prossimi giorni. Il compito di garantire la sicurezza dei bambini durante la rottura delle pentolacce era assegnato al numeroso staff di soci Assonautica.<\/p>\n<p>La festa ha avuto inizio con l&#8217;arrivo di Re Cicciolin e della sua Corte poi, dopo i brevi discorsi introduttivi e tante foto con i bambini, tutto il pubblico si \u00e8 spostato dalla \u201cPentolaccia\u201d. Il primo colpo di bastone \u00e8 stato dato da Cicciolin, poi si sono susseguiti tanti bambini e sono state rotte complessivamente sei pentolacce in un crescendo di entusiasmo, sia per il gioco che per la pioggia di caramelle e dolcetti. Mentre era in corso la rottura delle pentolacce l&#8217;assessore Barbara Marozzi ha portato i saluti dell&#8217;amministrazione comunale, preannunciando l&#8217;arrivo del sindaco per la riconsegna delle chiavi della citt\u00e0.<\/p>\n<p>Dopo la rottura dell&#8217;ultima pentolaccia Diego Gambaretto, speaker della manifestazione, ha intrattenuto il pubblico, ha fatto cantare i bambini e li ha intervistati per chiedere il loro parere sul Carnevale. Con l&#8217;arrivo del sindaco Ilaria Caprioglio \u00e8 avvenuta la riconsegna delle chiavi della citt\u00e0 preceduta da un breve discorso che Cicciolin ha rivolto ai bambini: \u201cFinch\u00e9 si pu\u00f2 non mettete la maschera, basta essere s\u00e9 stessi, non vendersi, avere sempre la primavera negli occhi&#8230;\u201d . Anche il sindaco ha parlato ai bambini, delle maschere che si mettono per proteggersi e di quelle che ci mettono gli altri: \u201cE&#8217; importante che siate felici di come siete, senza voler aderire alle maschere che gli altri vorrebbero cucirvi addosso\u201d.<\/p>\n<p>La festa si \u00e8 cos\u00ec conclusa ed \u00e8 stata un grande successo: &#8220;L&#8217;entusiasmo infantile ha avuto la meglio sulle non buone condizioni atmosferiche e ci ha riscaldato &#8211; commentano da Assonautica &#8211; Ringraziamo tutti soci che hanno collaborato rendendo possibile la realizzazione di questo evento, tanto apprezzato dai bambini&#8221;.<\/p>\n","protected":false},"excerpt":{"rendered":"<p>Pentolacce, allegria e l&#8217;appello del sindaco: &#8220;Siate felici di come siete, non aderite alle maschere che gli altri vorrebbero cucirvi addosso&#8221;<\/p>\n","protected":false},"author":10593,"featured_media":0,"comment_status":"open","ping_status":"closed","sticky":false,"template":"","format":"standard","meta":{"footnotes":""},"categories":[56,57712],"tags":[4057,80215],"class_list":["post-431460","post","type-post","status-publish","format-standard","hentry","category-altre","category-bambini","tag-assonautica","tag-carnevale-savona","post_cat_citta-savona","post_tag_personaggi-cicciolin","post_tag_personaggi-ilaria-caprioglio"],"amp_validity":null,"amp_enabled":true,"_links":{"self":[{"href":"https:\/\/staging.ivg.it\/ediapi\/wp\/v2\/posts\/431460","targetHints":{"allow":["GET"]}}],"collection":[{"href":"https:\/\/staging.ivg.it\/ediapi\/wp\/v2\/posts"}],"about":[{"href":"https:\/\/staging.ivg.it\/ediapi\/wp\/v2\/types\/post"}],"author":[{"embeddable":true,"href":"https:\/\/staging.ivg.it\/ediapi\/wp\/v2\/users\/10593"}],"replies":[{"embeddable":true,"href":"https:\/\/staging.ivg.it\/ediapi\/wp\/v2\/comments?post=431460"}],"version-history":[{"count":0,"href":"https:\/\/staging.ivg.it\/ediapi\/wp\/v2\/posts\/431460\/revisions"}],"wp:attachment":[{"href":"https:\/\/staging.ivg.it\/ediapi\/wp\/v2\/media?parent=431460"}],"wp:term":[{"taxonomy":"category","embeddable":true,"href":"https:\/\/staging.ivg.it\/ediapi\/wp\/v2\/categories?post=431460"},{"taxonomy":"post_tag","embeddable":true,"href":"https:\/\/staging.ivg.it\/ediapi\/wp\/v2\/tags?post=431460"}],"curies":[{"name":"wp","href":"https:\/\/api.w.org\/{rel}","templated":true}]}}