{"id":431440,"date":"2018-02-18T18:24:23","date_gmt":"2018-02-18T17:24:23","guid":{"rendered":"\/\/www.ivg.it\/?p=431440"},"modified":"2018-02-18T18:24:23","modified_gmt":"2018-02-18T17:24:23","slug":"antifascismo-foscolo-replica-granero-preferisco-occuparmi-dei-problemi-attuali","status":"publish","type":"post","link":"https:\/\/staging.ivg.it\/2018\/02\/antifascismo-foscolo-replica-granero-preferisco-occuparmi-dei-problemi-attuali\/","title":{"rendered":"Antifascismo, Foscolo replica a Granero: &#8220;Preferisco occuparmi dei problemi attuali&#8221;"},"content":{"rendered":"<p><strong>Provincia.<\/strong> &#8220;Il PD, ancora una volta, si ricorda dell&#8217;antifascismo giusto in tempo per la campagna elettorale. E persino il presidente di LegaCoop e candidato del Partito Democratico, presentatosi al pubblico come un moderato ed esponente della cosiddetta &#8216;societ\u00e0 civile&#8217;, si adegua alla linea del partito, che strumentalizza la storia per attaccare gli avversari, agitando ogni volta la pregiudiziale antifascista&#8221;. Sara Foscolo, candidata del centrodestra alla Camera dei Deputati all&#8217;uninominale collegio 2 Savona, risponde cos\u00ec alla polemica del candidato del Partito Democratico Gianluigi Granero, che aveva puntato il dito contro l&#8217;assenza dei legisti (tra cui la stessa Foscolo) alla manifestazione antifascista di questa mattina di Vendone.<\/p>\n<p>&#8220;\u00c8 singolare &#8211; replica l&#8217;ex vicesindaco di Pietra Ligure &#8211; che una persona preparata come lui si abbassi a questo genere di polemica, usando parole come &#8216;strizzare l&#8217;occhio al Duce&#8217;: \u00e8 evidente che la pressione delle elezioni e il calo del centrosinistra nei sondaggi possano giocare brutti scherzi&#8221;.<\/p>\n<p>&#8220;Forse \u00e8 meglio che il PD aggiorni il suo repertorio &#8211; prosegue Foscolo &#8211; Lo ha detto anche Matteo Salvini: &#8216;L&#8217;antifascismo nel 2018 \u00e8 la finta battaglia di una sinistra che parla di passato perch\u00e9 non ha alcuna idea di futuro&#8217;. Granero mi chiede dove mi trovavo, anzich\u00e9 sfruttare un evento istituzionale per scopi elettorali? Bene, io potrei chiedergli dov&#8217;era lui, quando i governi non eletti guidati dal suo partito portavano il Paese alla situazione attuale&#8221;.<\/p>\n<p>&#8220;Anzich\u00e9 discutere di ideologie che appartengono a epoche passate, mi concentro sui problemi attuali del nostro territorio, incontro e ascolto le persone, famiglie che fanno fatica ad arrivare a fine mese, persone di tutte le et\u00e0 in cerca di lavoro e giovani a caccia di prospettive per il proprio avvenire. \u00c8 questo che faccio tutti i giorni e che continuer\u00f2 a fare, per difendere le idee in cui credo, per rappresentare il nostro territorio e per cambiare questo Paese, cos\u00ec mal ridotto dal partito di Renzi&#8221;, conclude la candidata del centrodestra per la Camera uninominale Sara Foscolo.<\/p>\n","protected":false},"excerpt":{"rendered":"<p>&#8220;Il Pd si ricorda dell&#8217;antifascismo solo per la campagna elettorale, dovrebbe aggiornare il suo repertorio&#8221;<\/p>\n","protected":false},"author":10593,"featured_media":0,"comment_status":"open","ping_status":"closed","sticky":false,"template":"","format":"standard","meta":{"footnotes":""},"categories":[45296,31],"tags":[99193],"class_list":["post-431440","post","type-post","status-publish","format-standard","hentry","category-copertina","category-politica","tag-elezioni-2018","post_tag_personaggi-sara-foscolo"],"amp_validity":null,"amp_enabled":true,"_links":{"self":[{"href":"https:\/\/staging.ivg.it\/ediapi\/wp\/v2\/posts\/431440","targetHints":{"allow":["GET"]}}],"collection":[{"href":"https:\/\/staging.ivg.it\/ediapi\/wp\/v2\/posts"}],"about":[{"href":"https:\/\/staging.ivg.it\/ediapi\/wp\/v2\/types\/post"}],"author":[{"embeddable":true,"href":"https:\/\/staging.ivg.it\/ediapi\/wp\/v2\/users\/10593"}],"replies":[{"embeddable":true,"href":"https:\/\/staging.ivg.it\/ediapi\/wp\/v2\/comments?post=431440"}],"version-history":[{"count":0,"href":"https:\/\/staging.ivg.it\/ediapi\/wp\/v2\/posts\/431440\/revisions"}],"wp:attachment":[{"href":"https:\/\/staging.ivg.it\/ediapi\/wp\/v2\/media?parent=431440"}],"wp:term":[{"taxonomy":"category","embeddable":true,"href":"https:\/\/staging.ivg.it\/ediapi\/wp\/v2\/categories?post=431440"},{"taxonomy":"post_tag","embeddable":true,"href":"https:\/\/staging.ivg.it\/ediapi\/wp\/v2\/tags?post=431440"}],"curies":[{"name":"wp","href":"https:\/\/api.w.org\/{rel}","templated":true}]}}