{"id":430479,"date":"2018-02-05T19:53:07","date_gmt":"2018-02-05T18:53:07","guid":{"rendered":"\/\/www.ivg.it\/?p=430479"},"modified":"2018-02-08T11:12:31","modified_gmt":"2018-02-08T10:12:31","slug":"serie-c-esordio-salita-vado","status":"publish","type":"post","link":"https:\/\/staging.ivg.it\/2018\/02\/serie-c-esordio-salita-vado\/","title":{"rendered":"Serie C, esordio in salita per il Vado"},"content":{"rendered":"<p><strong>Vado Ligure.<\/strong> Il campionato di <strong>Serie C del Vado<\/strong>\u00a0inizia in salita con una <strong>sconfitta sull&#8217;ostico campo dello Spezia per 4-1.<\/strong> Un risultato che, probabilmente, non rispecchia i valori in campo: <strong>la prestazione delle rossobl\u00f9 \u00e8 stata condizionata da alcune scelte arbitrali apparse quantomeno discutibili.<\/strong><\/p>\n<p><strong>La sfida era rimasta infatti in equilibrio nei primi quarantacinque minuti,<\/strong> nei quali Vado e Spezia avevano avuto un&#8217;occasione per parte, ma <strong>in avvio di ripresa le ospiti hanno subito tre reti in una manciata di minuti e non sono pi\u00f9 riuscite a raddrizzare le sorti dell&#8217;incontro.<\/strong> Il primo gol \u00e8 arrivato dopo l&#8217;inspiegabile scelta del direttore di gara di assegnare una rimessa laterale per le rossobl\u00f9 alle aquilotte: il Vado, gi\u00e0 posizionato per ripartire in attacco, \u00e8 stato preso in contropiede. La seconda rete \u00e8 nata da un fallo su Simeoni non fischiato, mentre la terza era viziato da un fuorigioco.<strong> Le vadesi sono andate a segno al quarto d&#8217;ora della ripresa con Levratto<\/strong>, poi nel recupero hanno incassato il quarto gol.<\/p>\n<p>Dall&#8217;analisi di <strong>mister Massimiliano Sanna<\/strong> traspare tutto il rammarico per il risultato finale: &#8220;<strong>L\u2019arbitro ha fatto un errore, pu\u00f2 succedere. Quando sono tre in pochi minuti e determinano tre reti penso che non sia stato all\u2019altezza di questa partita.<\/strong> Mi dispiace per lui, mi dispiace per noi perch\u00e9 stavamo conducendo una buona gara e <strong>il risultato \u00e8 una punizione severa.<\/strong> Penso che gli avversari siano una buona squadra, ma penso che siano stati fortunati e che abbiano avuto tutte le decisioni arbitrali a loro favore&#8221;.<\/p>\n<p>&#8220;<strong>Finiamo con una sconfitta e tre infortuni che dovranno essere valutati per interventi pesanti sulle mie calciatrici.<\/strong> Non ce l\u2019ho con gli avversari, ma la tolleranza al gioco duro ha provocato questo. Come posso commentare diversamente? Solo chi ha visto la partita pu\u00f2 dire quello che \u00e8 successo&#8221; aggiunge l&#8217;allenatore del Vado.<\/p>\n<p>Nonostante la partenza con un ko, l&#8217;ambiente rossobl\u00f9 \u00e8 sereno e determinato a prendersi i 3 punti gi\u00e0 dalla prossima partita. <strong>Domenica 11 febbraio al Dagnino arriver\u00e0 la Baia Alassio.<\/strong> &#8220;Siamo alla prima giornata e <strong>questo campionato si decider\u00e0 all\u2019ultimo minuto dell\u2019ultima partita perci\u00f2 continuiamo a lavorare come abbiamo fatto finora e anche di pi\u00f9<\/strong>&#8221; conclude Sanna.<\/p>\n<p>Il Vado ha schierato <strong>Parodi, Papa, De Luca, Spotorno, Salvo, Demitri, Simeoni, Danese, Bonifacino <\/strong>(p.t. 37\u00b0<strong> Valle;<\/strong> s.t. 16\u00b0<strong> Viola), Greco<\/strong> (s.t. 36\u00b0<strong> Terzano), Levratto<\/strong>. A disposizione:<strong> Viglietti, Cerruti, Sacco, Bernat.<\/strong><\/p>\n<p>Per quanto riguarda la<strong> Baia Alassio, ha esordito perdendo 3-2 sul campo di casa contro l&#8217;Unione Sanremo<\/strong>. Locali in vantaggio con Vindigni, cui ha replicato immediatamente Cerato. Ad inizio ripresa ancora Cerato ha portato avanti le ospiti. Poi, un&#8217;espulsione per parte: Allegri tra le matuziane e Vindigni tra le alassine. Fam\u00e0 ha trasformato un rigore, portando\u00a0sul 3 a 1 il Sanremo. Giusto, su rigore, ha accorciato le distanze, segnando la seconda rete delle giallonere.<\/p>\n","protected":false},"excerpt":{"rendered":"<p>Nel primo atto del campionato le ragazze di mister Sanna perdono 4-1 alla Spezia, recriminando sull\u2019arbitraggio<\/p>\n","protected":false},"author":18,"featured_media":0,"comment_status":"open","ping_status":"closed","sticky":false,"template":"","format":"standard","meta":{"footnotes":""},"categories":[45296,182,32],"tags":[23491,2484,50580,30912],"class_list":["post-430479","post","type-post","status-publish","format-standard","hentry","category-copertina","category-calcio","category-sport","tag-baia-alassio","tag-calcio-femminile","tag-serie-c-femminile","tag-vado-femminile","post_cat_citta-alassio","post_cat_citta-vado-ligure","post_tag_personaggi-massimiliano-sanna"],"amp_validity":null,"amp_enabled":true,"_links":{"self":[{"href":"https:\/\/staging.ivg.it\/ediapi\/wp\/v2\/posts\/430479","targetHints":{"allow":["GET"]}}],"collection":[{"href":"https:\/\/staging.ivg.it\/ediapi\/wp\/v2\/posts"}],"about":[{"href":"https:\/\/staging.ivg.it\/ediapi\/wp\/v2\/types\/post"}],"author":[{"embeddable":true,"href":"https:\/\/staging.ivg.it\/ediapi\/wp\/v2\/users\/18"}],"replies":[{"embeddable":true,"href":"https:\/\/staging.ivg.it\/ediapi\/wp\/v2\/comments?post=430479"}],"version-history":[{"count":0,"href":"https:\/\/staging.ivg.it\/ediapi\/wp\/v2\/posts\/430479\/revisions"}],"wp:attachment":[{"href":"https:\/\/staging.ivg.it\/ediapi\/wp\/v2\/media?parent=430479"}],"wp:term":[{"taxonomy":"category","embeddable":true,"href":"https:\/\/staging.ivg.it\/ediapi\/wp\/v2\/categories?post=430479"},{"taxonomy":"post_tag","embeddable":true,"href":"https:\/\/staging.ivg.it\/ediapi\/wp\/v2\/tags?post=430479"}],"curies":[{"name":"wp","href":"https:\/\/api.w.org\/{rel}","templated":true}]}}