{"id":430298,"date":"2018-02-02T18:29:31","date_gmt":"2018-02-02T17:29:31","guid":{"rendered":"\/\/www.ivg.it\/?p=430298"},"modified":"2018-02-02T18:29:31","modified_gmt":"2018-02-02T17:29:31","slug":"buongiorno-sono-il-priamar","status":"publish","type":"post","link":"https:\/\/staging.ivg.it\/2018\/02\/buongiorno-sono-il-priamar\/","title":{"rendered":"Buongiorno, sono il Priamar"},"content":{"rendered":"<p>Buongiorno Sig.ra Sindaca,<br \/>\nsono il complesso monumentale del Priamar e Le scrivo tramite i Verdi anche se oggi Ella sar\u00e0 sicuramente presa dalla situazione molto brutta di ATA ove si rischiano i posti di lavoro anche se dovrei dirLe che, se avesse ascoltato le Organizzazioni Sindacali e i Verdi forse oggi non saremmo ridotti a questo punto.<\/p>\n<p>In primo luogo mi presento io sono il &#8220;complesso monumentale&#8221; e non la &#8220;fortezza&#8221; poiche&#8217; ho visto sorgere la citt\u00e0 di Savona e la progressiva espansione dell&#8217;abitato fino alla distruzione dei monumenti piu&#8217; importanti della citt\u00e0 e alla costruzione di questo importante monumento.<\/p>\n<p>Le scrivo innanzitutto per invitarLa a fare un giro insieme al gruppo ,che gestisce con passione e determinazione il museo archeologico, per riassumere alcune situazioni:<br \/>\n1) Il museo archeologico \u00e8 l&#8217;unico caso al mondo di struttura pubblica, che vive delle entrate dei visitatori e delle visitatrici. Tutto ci\u00f2 va a detrimento della ricerca e della valorizzazione delle collezioni ma sono problemi, che dovrebbe conoscere anche perche&#8217; tra le perle dette o scritte nei giorni in cui la sua Giunta decise questa via tra le altre cose si sent\u00ec la famosa frase:&#8221; E&#8217; materiale statale&#8230;ci pensi lo stato&#8221; forse dimenticando che la storia della citt\u00e0 \u00e8 scritta li&#8217; dentro e che la valorizzazione \u00e8 un compito primario delle amministrazioni locali;<br \/>\n2) Il museo Cuneo-Pertini ha ormai una crisi di identit\u00e0 poiche&#8217; aprirlo due ore alla settimana e chiuderlo per sempre sono praticamente la stessa cosa. Ci\u00f2 che \u00e8 strano per\u00f2 \u00e8 l&#8217;ansia di Toti di proporsi come successore di Pertini e poi lasciare il suo museo nell&#8217;oblio invece per la collezione Cuneo vorrei rammentarLe la statua ,che ha fatto portare in Comune e che si sente molto triste l\u00e0 abbandonata e impolverata;<br \/>\n3) Non Le parlo della cella di Mazzini poiche&#8217; ormai al solo citarla Le dovrebbero fischiare le orecchie;<br \/>\n4) Indi non parliamo delle sale mostre, che si chiedono pure esse cosa ci stanno a fare.<\/p>\n<p>Dal mio alto punto di vista sulla citt\u00e0 Le vorrei chiedere alcune piccole cose:<br \/>\n1) Ella sa che l&#8217;area sottostante all&#8217;attuale fortezza ed adibita ad uso portuale promiscuo \u00e8 di propriet\u00e0 pubblica e dovrebbe tornare al Comune per destinarvi attivit\u00e0 turistiche ,culturali e del tempo libero .Cosa sta facendo a tal proposito dato che la Sua Giunta &#8220;poliparlante&#8221; (tutte e tutti gli assessori parlano di tutto e su tutto) sul punto tace e non &#8220;favella&#8221;?<br \/>\n2) Ella sa che l&#8217;area della ex cattedrale \u00e8 stata oggetto di una ripresa con droni condotta dal museo archeologico in collaborazione con altre istituzioni? Sa che potrebbe nascere la costruzione in 3D della ex cattedrale? Sa che l&#8217;area potrebbe essere aperta alle visite con poca spesa? Cosa sta facendo? E&#8217; mai venuta a vederla? Faccia un passo e gliela indico<br \/>\n3) Infine sa che a Genova \u00e8 ripartita grazie all&#8217;iniziativa di Italia Nostra un antico progetto di proporre le fortificazioni genovesi nel mediterraneo come patrimonio Unesco? Sa che il dominio genovese si estendeva fino alla Crimea e che il progetto si era fermato proprio perche&#8217; si andava ad insistere su zone di guerra? Ha preso contatto con il Comune di Genova? Soprattutto sa che io &#8220;sono un forte genovese&#8221; e quindi potrei entrarci con pieni diritti?<\/p>\n<p>Sig.ra Sindaca io ,come i Verdi, auspico che Ella molto presto dia le dimissioni per evitare che Savona affondi nel carbone, nel cemento e nel bitume ma almeno prima di andarsene prenda contatto con Il Comune di Genova per non essere tagliati fuori almeno da quest&#8217;ultimo progetto.<\/p>\n<p style=\"text-align: right;\"><strong><em>Il Priamar e Danilo Bruno <\/em><\/strong><\/p>\n","protected":false},"excerpt":{"rendered":"<p>Buongiorno Sig.ra Sindaca, sono il complesso monumentale del Priamar e Le scrivo tramite i Verdi anche se oggi Ella sar\u00e0 sicuramente presa dalla situazione molto brutta di ATA ove si rischiano i posti di lavoro anche se dovrei dirLe che, se avesse ascoltato le Organizzazioni Sindacali e i Verdi forse oggi non saremmo ridotti a [&hellip;]<\/p>\n","protected":false},"author":12120,"featured_media":0,"comment_status":"open","ping_status":"closed","sticky":false,"template":"","format":"standard","meta":{"footnotes":""},"categories":[120,31],"tags":[78678,57413],"class_list":["post-430298","post","type-post","status-publish","format-standard","hentry","category-lettere","category-politica","tag-fortezza-priamar","tag-verdi-savonesi","post_cat_citta-savona","post_tag_personaggi-danilo-bruno","post_tag_personaggi-ilaria-caprioglio"],"amp_validity":null,"amp_enabled":true,"_links":{"self":[{"href":"https:\/\/staging.ivg.it\/ediapi\/wp\/v2\/posts\/430298","targetHints":{"allow":["GET"]}}],"collection":[{"href":"https:\/\/staging.ivg.it\/ediapi\/wp\/v2\/posts"}],"about":[{"href":"https:\/\/staging.ivg.it\/ediapi\/wp\/v2\/types\/post"}],"author":[{"embeddable":true,"href":"https:\/\/staging.ivg.it\/ediapi\/wp\/v2\/users\/12120"}],"replies":[{"embeddable":true,"href":"https:\/\/staging.ivg.it\/ediapi\/wp\/v2\/comments?post=430298"}],"version-history":[{"count":0,"href":"https:\/\/staging.ivg.it\/ediapi\/wp\/v2\/posts\/430298\/revisions"}],"wp:attachment":[{"href":"https:\/\/staging.ivg.it\/ediapi\/wp\/v2\/media?parent=430298"}],"wp:term":[{"taxonomy":"category","embeddable":true,"href":"https:\/\/staging.ivg.it\/ediapi\/wp\/v2\/categories?post=430298"},{"taxonomy":"post_tag","embeddable":true,"href":"https:\/\/staging.ivg.it\/ediapi\/wp\/v2\/tags?post=430298"}],"curies":[{"name":"wp","href":"https:\/\/api.w.org\/{rel}","templated":true}]}}