{"id":430175,"date":"2018-02-01T10:56:45","date_gmt":"2018-02-01T09:56:45","guid":{"rendered":"\/\/www.ivg.it\/?p=430175"},"modified":"2018-02-05T18:15:36","modified_gmt":"2018-02-05T17:15:36","slug":"pietra-ligure-botta-risposta-consiglio-comunale-sul-caso-sara-foscolo","status":"publish","type":"post","link":"https:\/\/staging.ivg.it\/2018\/02\/pietra-ligure-botta-risposta-consiglio-comunale-sul-caso-sara-foscolo\/","title":{"rendered":"Pietra Ligure: botta e risposta in Consiglio comunale sul caso di Sara Foscolo"},"content":{"rendered":"<p><strong>Pietra Ligure.<\/strong> Il caso politico del vice sindaco di Pietra Ligure Sara Foscolo continua a tenere banco nel dibattito pietrese, con il sindaco Dario Valeriani ancora alla prese con una non semplice mediazione all&#8217;interno della sua maggioranza, con esponenti della giunta comunale (Pd in primis) che hanno chiesto espressamente al primo cittadino di togliere (o meglio congelare) le deleghe e il ruolo di vice alla candidata della Lega Nord per le politiche.<\/p>\n<p>La vicenda non \u00e8 passata inosservata nel Consiglio comunale di ieri sera, nel quale il vice sindaco non era presente (probabilmente proprio per evitare polemiche e strumentalizzazioni in una partita politico-amministrativa ancora tutta da giocare).<\/p>\n<p>E&#8217; stato il consigliere di minoranza Mario Carrara, dopo l&#8217;<a href=\"http:\/\/www.ivg.it\/2018\/01\/pietra-ligure-giunta-maggioranza-chiedono-la-testa-sara-foscolo\/\" target=\"_blank\" rel=\"noopener\">articolo pubblicato da IVG.it<\/a>, a sollevare la questione interna alla maggioranza pietrese, che sarebbe ormai ai ferri corti con la candidatura politica di un esponente della giunta pietrese che si dichiara di natura civica e apartitica : &#8220;Questa maggioranza, da quando si \u00e8 insediata, ha fatto diversi cambi e rimpasti di deleghe, un valzer senza precedenti: questo \u00e8 sintomatico dello \u201cstato di salute\u201d dell\u2019amministrazione comunale, un caso che dovr\u00e0 essere studiato dai \u201cpolitologi\u201d&#8230;&#8221; ha detto Carrara in Consiglio. <\/p>\n<p>Non si \u00e8 fatta attendere la risposta del consigliere Franco Bianchi: &#8220;Penso che il consigliere di opposizione farebbe meglio a tacere se pensiamo che si sono allontanati da lui, in questo mandato, Carla Mattea, Anna Bonfiglio, Paola Devincenzi e in ultimo Nicola Seppone (che ieri ha formalizzato la costituzione del gruppo consiliare &#8220;100% Pietra&#8221;).<\/p>\n<p>E il consigliere di minoranza Seppone, in merito alle candidature per le elezioni politiche, ha dichiarato:&#8221;La possibile presenza in Parlamento di due persone espressione del nostro territorio (anche se con visioni politiche opposte), significherebbe per la nostra citt\u00e0 e &#8211; pi\u00f9 in generale &#8211; per tutto il nostro comprensorio, un&#8217;enorme chance di rappresentativit\u00e0 all&#8217;interno del pi\u00f9 importante organo democratico del nostro Paese. Pietra Ligure, in altre parole, nel prossimo Parlamento potrebbe avere due voci distinte ma entrambe espressive della stessa realt\u00e0 territoriale. Per queste ragioni, dunque, la nostra citt\u00e0 non \u00e8 mai stata cos\u00ec potenzialmente forte sul piano politico e questo \u00e8 un fatto molto positivo per tutti noi&#8221;.<\/p>\n<p>Sulla vicenda ancora nessun pronunciamento o decisione da parte del sindaco di Pietra Ligure Dario Valeriani, che si \u00e8 preso alcuni giorni di tempo per valutare la situazione e cercare una soluzione che possa salvare la sua maggioranza (e forse un possibile secondo mandato da sindaco in vista del voto amministrativo del 2019).<\/p>\n","protected":false},"excerpt":{"rendered":"<p>Per evitare polemiche il vice sindaco di Pietra Ligure, candidata nelle file del Carroccio, non \u00e8 stata presente in Consiglio comunale<\/p>\n","protected":false},"author":4,"featured_media":0,"comment_status":"open","ping_status":"closed","sticky":false,"template":"","format":"standard","meta":{"footnotes":""},"categories":[45296,31],"tags":[50842,99193],"class_list":["post-430175","post","type-post","status-publish","format-standard","hentry","category-copertina","category-politica","tag-consiglio-comunale-pietra","tag-elezioni-2018","post_tag_personaggi-dario-valeriani","post_tag_personaggi-mario-carrara","post_tag_personaggi-nicola-seppone"],"amp_validity":null,"amp_enabled":true,"_links":{"self":[{"href":"https:\/\/staging.ivg.it\/ediapi\/wp\/v2\/posts\/430175","targetHints":{"allow":["GET"]}}],"collection":[{"href":"https:\/\/staging.ivg.it\/ediapi\/wp\/v2\/posts"}],"about":[{"href":"https:\/\/staging.ivg.it\/ediapi\/wp\/v2\/types\/post"}],"author":[{"embeddable":true,"href":"https:\/\/staging.ivg.it\/ediapi\/wp\/v2\/users\/4"}],"replies":[{"embeddable":true,"href":"https:\/\/staging.ivg.it\/ediapi\/wp\/v2\/comments?post=430175"}],"version-history":[{"count":0,"href":"https:\/\/staging.ivg.it\/ediapi\/wp\/v2\/posts\/430175\/revisions"}],"wp:attachment":[{"href":"https:\/\/staging.ivg.it\/ediapi\/wp\/v2\/media?parent=430175"}],"wp:term":[{"taxonomy":"category","embeddable":true,"href":"https:\/\/staging.ivg.it\/ediapi\/wp\/v2\/categories?post=430175"},{"taxonomy":"post_tag","embeddable":true,"href":"https:\/\/staging.ivg.it\/ediapi\/wp\/v2\/tags?post=430175"}],"curies":[{"name":"wp","href":"https:\/\/api.w.org\/{rel}","templated":true}]}}