{"id":430063,"date":"2018-01-30T16:42:59","date_gmt":"2018-01-30T15:42:59","guid":{"rendered":"\/\/www.ivg.it\/?p=430063"},"modified":"2018-01-30T17:01:47","modified_gmt":"2018-01-30T16:01:47","slug":"leuroparlamentare-benifei-pd-bene-la-candidatura-ligure-polo-ricerca-sul-nucleare-pulito","status":"publish","type":"post","link":"https:\/\/staging.ivg.it\/2018\/01\/leuroparlamentare-benifei-pd-bene-la-candidatura-ligure-polo-ricerca-sul-nucleare-pulito\/","title":{"rendered":"L&#8217;europarlamentare Benifei (Pd): &#8220;Bene la candidatura ligure per il nuovo polo di ricerca sul nucleare pulito&#8221;"},"content":{"rendered":"<p><strong>Bruxelles.<\/strong> &#8220;Si tratta di una buona notizia e, anche se non convince fino in fondo la doppia candidatura della Spezia e di Ferrania, per una volta Toti e Rixi hanno capito che il nostro territorio non pu\u00f2 perdere l&#8217;occasione costituita da 60 milioni di Euro di fondi europei e 500 milioni di investimenti complessivi con assunzioni fino a 1500 persone fra occupazione diretta e indotto&#8221;. Lo ha detto l&#8217;europarlamentare del Pd Brando Benifei, che commenta positivamente il via libera della giunta regionale alla delibera per la candidatura ad ENEA con l&#8217;obiettivo di ospitare il centro di ricerca che costruir\u00e0 il DTT-Divertor Tokamak Test.<\/p>\n<p>&#8220;Va inoltre ricordato, per quanto la parola nucleare faccia sempre paura, che non si tratterebbe della tradizionale fissione, bens\u00ec di fusione, ovvero ricerca di altissimo livello, energia pulita e sicura, che pu\u00f2 proiettare a livello mondiale il territorio che ospita tale realt\u00e0&#8221; aggiunge l&#8217;esponente Dem.<\/p>\n<p>Il DTT-Divertor Tokamak Test sar\u00e0 un nuovo centro scientifico-tecnologico fra i pi\u00f9 grandi d&#8217;Europa, che in particolare si occuper\u00e0 di fusione nucleare pulita e sicura. Verr\u00e0 costruito da ENEA in partnership con i consorziati europei di EUROfusion che, sotto la guida della Commissione Europea e grazie al sostegno del programma ITER, coordinano le attivit\u00e0 di ricerca sulla fusione nucleare.<\/p>\n<p>&#8220;A Bruxelles &#8211; continua Benifei &#8211; abbiamo votato in novembre per il rifinanziamento del programma sulla ricerca per energie pulite, e in Parlamento le destre estreme e il M5S, nel boicottare il bilancio europeo, hanno detto no anche a questo tipo di investimenti e di opportunit\u00e0 per il territorio. Siamo tuttavia riusciti a salvaguardare un finanziamento adeguato, perch\u00e9 parliamo di eccellenza scientifica a livello globale, di 2 miliardi di Euro di ritorno economico, e di una strategia di riconversione industriale seria per il sito dell&#8217;area Enel della Spezia, che per requisiti e dimensioni appare particolarmente adatta&#8221;.<\/p>\n<p>&#8220;Sono contento che Toti abbia capito l&#8217;importanza di cogliere questa opportunit\u00e0, ma non si immagini che con la candidatura il percorso sia concluso. Dobbiamo lavorare sodo e con collaborazione istituzionale per proporci con credibilit\u00e0 e coerenza in vista della valutazione di ENEA, in primis sciogliendo i nodi sulla destinazione dell&#8217;area industriale e la sua bonifica, poi lavorando con le realt\u00e0 imprenditoriali che su Spezia sono gi\u00e0 attive nell&#8217;ambito del progetto ITER (come ASG Superconductors, Gruppo Malacalza) e coi cittadini perch\u00e9 il centro DTT sia un progetto concreto e condiviso.&#8221;<\/p>\n","protected":false},"excerpt":{"rendered":"<p>&#8220;Ora Toti si impegni con coerenza e concretezza&#8221;: le candidature di La Spezia e Cairo con Ferrania<\/p>\n","protected":false},"author":4,"featured_media":0,"comment_status":"open","ping_status":"closed","sticky":false,"template":"","format":"standard","meta":{"footnotes":""},"categories":[35,31],"tags":[1285,85992,1286,197,295],"class_list":["post-430063","post","type-post","status-publish","format-standard","hentry","category-economia","category-politica","tag-energia","tag-ferrania","tag-nucleare","tag-pd","tag-regione","post_cat_citta-cairo-montenotte","post_tag_personaggi-brando-benifei"],"amp_validity":null,"amp_enabled":true,"_links":{"self":[{"href":"https:\/\/staging.ivg.it\/ediapi\/wp\/v2\/posts\/430063","targetHints":{"allow":["GET"]}}],"collection":[{"href":"https:\/\/staging.ivg.it\/ediapi\/wp\/v2\/posts"}],"about":[{"href":"https:\/\/staging.ivg.it\/ediapi\/wp\/v2\/types\/post"}],"author":[{"embeddable":true,"href":"https:\/\/staging.ivg.it\/ediapi\/wp\/v2\/users\/4"}],"replies":[{"embeddable":true,"href":"https:\/\/staging.ivg.it\/ediapi\/wp\/v2\/comments?post=430063"}],"version-history":[{"count":0,"href":"https:\/\/staging.ivg.it\/ediapi\/wp\/v2\/posts\/430063\/revisions"}],"wp:attachment":[{"href":"https:\/\/staging.ivg.it\/ediapi\/wp\/v2\/media?parent=430063"}],"wp:term":[{"taxonomy":"category","embeddable":true,"href":"https:\/\/staging.ivg.it\/ediapi\/wp\/v2\/categories?post=430063"},{"taxonomy":"post_tag","embeddable":true,"href":"https:\/\/staging.ivg.it\/ediapi\/wp\/v2\/tags?post=430063"}],"curies":[{"name":"wp","href":"https:\/\/api.w.org\/{rel}","templated":true}]}}