{"id":429497,"date":"2018-01-22T21:14:10","date_gmt":"2018-01-22T20:14:10","guid":{"rendered":"\/\/www.ivg.it\/?p=429497"},"modified":"2018-01-22T21:14:10","modified_gmt":"2018-01-22T20:14:10","slug":"irrati-varazze-larbitro-internazionale-la-lezione-ai-fischietti-savonesi","status":"publish","type":"post","link":"https:\/\/staging.ivg.it\/2018\/01\/irrati-varazze-larbitro-internazionale-la-lezione-ai-fischietti-savonesi\/","title":{"rendered":"Irrati a Varazze: l&#8217;arbitro internazionale e la lezione ai fischietti savonesi"},"content":{"rendered":"<p><strong>Varazze<\/strong>. Si \u00e8 svolta all&#8217;interno del palasport di Varazze <strong>la riunione tecnica degli arbitri savonesi che ha visto protagonista Massimiliano Irrati, arbitro internazionale<\/strong> con alle spalle oltre settanta gare di Serie A.<\/p>\n<p>Irrati ha diretto 72 gare nella massima serie ed \u00e8 internazionale Uefa dal 1 gennaio 2017; <strong>nel febbraio 2016 ferm\u00f2 Lazio &#8211; Napoli per i cori razzisti<\/strong> dell&#8217;Olimpico rivolti al difensore Koulibaly.<\/p>\n<p>Il fischietto di Pistoia \u00e8 stato ospite degli arbitri savonesi, rappresentanti dal vice presidente Simone Roba, alla presenza anche del vice presidente regionale Roberto Gandini e del segretario del Cra Fabrizio Medda. Tra il pubblico anche i direttori di gara savonesi che militano nelle categorie nazionali: <strong>Giulio<\/strong> <strong>Fantino, Roberto Margheritino, Michele Cirio e Paolo Vignola<\/strong>. Presente anche il presidente onorario Armando <strong>Brustia<\/strong>.<\/p>\n<p>Irrati ha raccontato la sua carriera e la sua esperienza arbitrale ai presenti: senza nascondere le difficolt\u00e0 vissute e i passi falsi compiuti, compresi i momenti di crisi, <strong>ha stimolato i colleghi a essere pronti al cambiamento, vero piccolo segreto del successo arbitrale<\/strong>. L\u00ec si \u00e8 incentrata la sua lezione, che ha cercato di dare spunti e stimoli soprattutto ai colleghi pi\u00f9 giovani: cambiamento enorme \u00e8 stata allora l&#8217;introduzione della tecnologia in campo in questa stagione, la Var, che rovescia l&#8217;intera tradizione incentrata sull&#8217;arbitro come soggetto sempre deciso del proprio provvedimento. Irrati ha cos\u00ec declinato il cambiamento e i cambiamenti nella vita e nella carriera arbitrale, narrandoli come momento determinante per il futuro.<\/p>\n<p>Ogni anno le sezioni italiane ospitano arbitri delle massime categorie nazionali e quest&#8217;anno a Savona \u00e8 toccato in sorte Irrati. La lezione tecnica con l&#8217;arbitro di Pistoia \u00e8 stata allora <strong>un momento fondamentale per la formazione dei fischietti savonesi<\/strong>, molti dei quali sono impegnati sui campi della provincia ogni weekend, consentendo il regolare svolgimento dei molti campionati giovanili e dilettantistici del nostro territorio.<\/p>\n<p><span style=\"color: #999999;\">Nelle foto la lezione tecnica di Irrati e l&#8217;internazionale insieme ad Armando Brustia, presidente onorario della sezione di Savona.<\/span><\/p>\n","protected":false},"excerpt":{"rendered":"<p>Un internazionale nel Savonese: l&#8217;arbitro Massimiliano Irrati ha tenuto una lezione per gli arbitri savonesi e per gli ospiti presenti<\/p>\n","protected":false},"author":12631,"featured_media":0,"comment_status":"open","ping_status":"closed","sticky":false,"template":"","format":"standard","meta":{"footnotes":""},"categories":[45296,182,32],"tags":[2237,84994,535,99495],"class_list":["post-429497","post","type-post","status-publish","format-standard","hentry","category-copertina","category-calcio","category-sport","tag-aia","tag-aia-savona","tag-arbitri","tag-arbitri-savona","post_cat_citta-savona","post_cat_citta-varazze","post_tag_personaggi-massimiliano-irrati"],"amp_validity":null,"amp_enabled":true,"_links":{"self":[{"href":"https:\/\/staging.ivg.it\/ediapi\/wp\/v2\/posts\/429497","targetHints":{"allow":["GET"]}}],"collection":[{"href":"https:\/\/staging.ivg.it\/ediapi\/wp\/v2\/posts"}],"about":[{"href":"https:\/\/staging.ivg.it\/ediapi\/wp\/v2\/types\/post"}],"author":[{"embeddable":true,"href":"https:\/\/staging.ivg.it\/ediapi\/wp\/v2\/users\/12631"}],"replies":[{"embeddable":true,"href":"https:\/\/staging.ivg.it\/ediapi\/wp\/v2\/comments?post=429497"}],"version-history":[{"count":0,"href":"https:\/\/staging.ivg.it\/ediapi\/wp\/v2\/posts\/429497\/revisions"}],"wp:attachment":[{"href":"https:\/\/staging.ivg.it\/ediapi\/wp\/v2\/media?parent=429497"}],"wp:term":[{"taxonomy":"category","embeddable":true,"href":"https:\/\/staging.ivg.it\/ediapi\/wp\/v2\/categories?post=429497"},{"taxonomy":"post_tag","embeddable":true,"href":"https:\/\/staging.ivg.it\/ediapi\/wp\/v2\/tags?post=429497"}],"curies":[{"name":"wp","href":"https:\/\/api.w.org\/{rel}","templated":true}]}}