{"id":429411,"date":"2018-01-22T08:36:37","date_gmt":"2018-01-22T07:36:37","guid":{"rendered":"\/\/www.ivg.it\/?p=429411"},"modified":"2018-01-22T08:36:37","modified_gmt":"2018-01-22T07:36:37","slug":"meetup-andora-movimento-errore-nella-tari-comune-informi-chiedere-rimborso","status":"publish","type":"post","link":"https:\/\/staging.ivg.it\/2018\/01\/meetup-andora-movimento-errore-nella-tari-comune-informi-chiedere-rimborso\/","title":{"rendered":"Meetup Andora in Movimento: &#8220;Errore nella Tari, il Comune informi su come chiedere il rimborso&#8221;"},"content":{"rendered":"<p><strong>Andora.<\/strong> &#8220;L&#8217;errore nella Tari \u00e8 confermato, invitiamo il Comune a informare i cittadini andorese sulle modalit\u00e0 di rimborso&#8221;. E&#8217; la richiesta avanzata ufficialmente da Sabrina Grassa e Nicola Agostaro, i due &#8220;organizer&#8221; del Meetup Andora in Movimento.<\/p>\n<p>Il riferimento \u00e8 a un&#8217;interrogazione parlamentare del deputato pentastellato Giuseppe L&#8217;Abbate, risalente allo scorso ottobre. In quella sede,\u00a0infatti, era emerso che\u00a0la Tari per la quota variabile va applicata soltanto all\u2019abitazione e non anche alle pertinenze dell\u2019utenza domestica compresi box e cantine.<\/p>\n<p>Ad Andora, invece, in questi anni \u00e8 stata calcolata su tutte le pertinenze, una scelta che l&#8217;assessore al Bilancio Fabio Nicolini ha commentato cos\u00ec: &#8220;E&#8217;\u00a0stata decisa dalla precedente amministrazione, ma non mi sento di criticare tale scelta tecnica, consigliata dagli uffici, perch\u00e9 mirava a far pagare di pi\u00f9 chi aveva pi\u00f9 immobili. Gli eventuali rimborsi dovrebbero essere effettuati solo a seguito di un intervento legislativo chiaro, al momento vi \u00e8 solo una circolare dai contenuti approssimativi. La nebulosa normativa ha portato moltissimi comuni italiani a commettere quello che solo oggi viene considerato un errore.\u00a0Comunque l\u2019Ufficio Tributi ha gi\u00e0 effettuato il calcolo delle quote eventualmente da rimborsare&#8221;.<\/p>\n<p>Dopo quella risposta, 10 giorni fa, &#8220;ci siamo sentiti obbligati ad approfondire l\u2019argomento &#8211; spiegano dal Meetup &#8211; rivolgendoci ad uno specifico ufficio (SOS Equitalia, con sede a Genova) che ci ha analizzato una bolletta Tari dove risulta evidente l\u2019errata applicazione della quota variabile sulle pertinenze. Da quell&#8217;ufficio abbiamo ricevuto il modulo di istanza di rimborso&#8221;. Da qui la richiesta: &#8220;Invitiamo l\u2019amministrazione comunale, l\u2019Ufficio Tributi e l\u2019URP ad informare i cittadini andoresi circa la modalit\u00e0 di rimborso dell\u2019errata riscossione della quota variabile delle pertinenze a partire dagli ultimi cinque anni dall\u2019anno 2014 ad oggi&#8221;.<\/p>\n","protected":false},"excerpt":{"rendered":"<p>Per anni si \u00e8 applicata la quota variabile anche alle pertinenze<\/p>\n","protected":false},"author":10593,"featured_media":0,"comment_status":"open","ping_status":"closed","sticky":false,"template":"","format":"standard","meta":{"footnotes":""},"categories":[35,31],"tags":[46410,52233],"class_list":["post-429411","post","type-post","status-publish","format-standard","hentry","category-economia","category-politica","tag-meetup-andora","tag-tari","post_cat_citta-andora"],"amp_validity":null,"amp_enabled":true,"_links":{"self":[{"href":"https:\/\/staging.ivg.it\/ediapi\/wp\/v2\/posts\/429411","targetHints":{"allow":["GET"]}}],"collection":[{"href":"https:\/\/staging.ivg.it\/ediapi\/wp\/v2\/posts"}],"about":[{"href":"https:\/\/staging.ivg.it\/ediapi\/wp\/v2\/types\/post"}],"author":[{"embeddable":true,"href":"https:\/\/staging.ivg.it\/ediapi\/wp\/v2\/users\/10593"}],"replies":[{"embeddable":true,"href":"https:\/\/staging.ivg.it\/ediapi\/wp\/v2\/comments?post=429411"}],"version-history":[{"count":0,"href":"https:\/\/staging.ivg.it\/ediapi\/wp\/v2\/posts\/429411\/revisions"}],"wp:attachment":[{"href":"https:\/\/staging.ivg.it\/ediapi\/wp\/v2\/media?parent=429411"}],"wp:term":[{"taxonomy":"category","embeddable":true,"href":"https:\/\/staging.ivg.it\/ediapi\/wp\/v2\/categories?post=429411"},{"taxonomy":"post_tag","embeddable":true,"href":"https:\/\/staging.ivg.it\/ediapi\/wp\/v2\/tags?post=429411"}],"curies":[{"name":"wp","href":"https:\/\/api.w.org\/{rel}","templated":true}]}}