{"id":429277,"date":"2018-01-19T17:51:41","date_gmt":"2018-01-19T16:51:41","guid":{"rendered":"\/\/www.ivg.it\/?p=429277"},"modified":"2018-01-19T18:38:10","modified_gmt":"2018-01-19T17:38:10","slug":"cani-savona-pd-allattacco-del-sindaco-caprioglio-commercianti-vittime-scellerata-ordinanza","status":"publish","type":"post","link":"https:\/\/staging.ivg.it\/2018\/01\/cani-savona-pd-allattacco-del-sindaco-caprioglio-commercianti-vittime-scellerata-ordinanza\/","title":{"rendered":"Cani a Savona, Pd all&#8217;attacco del sindaco Caprioglio: &#8220;Commercianti vittime di una scellerata ordinanza&#8221;"},"content":{"rendered":"<p><strong>Savona<\/strong>. &#8220;Abbiamo sostenuto in pi\u00f9 occasioni quanto l&#8217;ordinanza contro le deiezioni canine fosse inutile oltre che illogica, ai limiti del surreale, tanto da portare alla ribalta (in negativo) la nostra citt\u00e0 alle cronache nazionali. Non torniamo sul tema dell&#8217;opportunit\u00e0 di tale ordinanza ma c&#8217;\u00e8 una conseguenza grave a questa vicenda, dovuta il larga misura alle dichiarazioni della sindaco Ilaria Caprioglio. Ci riferiamo alle pesanti ripercussioni che questa scelta, ma soprattutto la dichiarazione che ha accompagnato l&#8217;ordinanza, sta avendo sulla categoria dei commercianti&#8221;.<\/p>\n<p>Lo affermano il segretario cittadino del Pd Roberto Arboscello e il capogruppo del Pd in Consiglio comunale Cristina Battaglia.<\/p>\n<p>&#8220;Anche loro in questo momento sono vittime di quella scellerata ordinanza, in quanto le esternazioni della Sindaco secondo cui era stata fatta su impulso dei commercianti stessi, li ha additati come responsabili della scelta, rendendoli bersaglio da parte di alcuni cittadini e dei proprietari degli animali. Crediamo che un Sindaco debba assumersi le responsabilit\u00e0 delle proprie scelte e non dire &#8220;l&#8217;ho fatto perch\u00e9 stufa delle lamentele dei negozianti dove vado a comprare&#8221;, coinvolgendo in questo pasticcio un&#8217;intera categoria&#8221; aggiungono ancora i due esponenti Dem.<\/p>\n<p>&#8220;Ribadiamo quindi che la responsabilit\u00e0 \u00e8 unicamente della sindaco e della sua amministrazione, che evidenziano giornalmente la loro totale incapacit\u00e0 ad amministrare Savona. Sentiti i commercianti ci sentiamo di rivolgere un appello ai savonesi: non boicottate i negozi del centro perch\u00e9 loro non c&#8217;entrano nulla con questa assurda decisione&#8221;.<\/p>\n<p>&#8220;Sono centinaia di persone che lavorano sodo, che tutte le mattine alzano la saracinesca affrontando mille problemi, tirando avanti in un momento di crisi come questo. E che mai impedirebbero l&#8217;ingresso degli animali accompagnati dai loro padroni, ovviamente padroni educati come ce ne sono tanti a differenza del messaggio che qualcuno vuole fare passare&#8221; concludono Arboscello e Battaglia.<\/p>\n","protected":false},"excerpt":{"rendered":"<p>Il segretario Roberto Arboscello e il capogruppo Cristina Battagli: &#8220;Non boicottare i negozi del centro, loro non c&#8217;entrano&#8221;<\/p>\n","protected":false},"author":4,"featured_media":0,"comment_status":"open","ping_status":"closed","sticky":false,"template":"","format":"standard","meta":{"footnotes":""},"categories":[45296,34,31],"tags":[99000,197,78055],"class_list":["post-429277","post","type-post","status-publish","format-standard","hentry","category-copertina","category-cronaca","category-politica","tag-ordinanza-cani-savona","tag-pd","tag-pd-savona","post_cat_citta-savona","post_tag_personaggi-cristina-battaglia","post_tag_personaggi-roberto-arboscello-2"],"amp_validity":null,"amp_enabled":true,"_links":{"self":[{"href":"https:\/\/staging.ivg.it\/ediapi\/wp\/v2\/posts\/429277","targetHints":{"allow":["GET"]}}],"collection":[{"href":"https:\/\/staging.ivg.it\/ediapi\/wp\/v2\/posts"}],"about":[{"href":"https:\/\/staging.ivg.it\/ediapi\/wp\/v2\/types\/post"}],"author":[{"embeddable":true,"href":"https:\/\/staging.ivg.it\/ediapi\/wp\/v2\/users\/4"}],"replies":[{"embeddable":true,"href":"https:\/\/staging.ivg.it\/ediapi\/wp\/v2\/comments?post=429277"}],"version-history":[{"count":0,"href":"https:\/\/staging.ivg.it\/ediapi\/wp\/v2\/posts\/429277\/revisions"}],"wp:attachment":[{"href":"https:\/\/staging.ivg.it\/ediapi\/wp\/v2\/media?parent=429277"}],"wp:term":[{"taxonomy":"category","embeddable":true,"href":"https:\/\/staging.ivg.it\/ediapi\/wp\/v2\/categories?post=429277"},{"taxonomy":"post_tag","embeddable":true,"href":"https:\/\/staging.ivg.it\/ediapi\/wp\/v2\/tags?post=429277"}],"curies":[{"name":"wp","href":"https:\/\/api.w.org\/{rel}","templated":true}]}}