{"id":42912,"date":"2008-12-04T11:46:47","date_gmt":"2008-12-04T10:46:47","guid":{"rendered":"http:\/\/www.ivg.it\/2008\/12\/04\/42912\/"},"modified":"2008-12-05T07:38:01","modified_gmt":"2008-12-05T06:38:01","slug":"42912","status":"publish","type":"post","link":"https:\/\/staging.ivg.it\/2008\/12\/42912\/","title":{"rendered":"Loano, &#8220;Incanti di Natale&#8221;: gli appuntamenti delle festivit\u00e0 natalizie"},"content":{"rendered":"<p><strong>[thumb:9867:l]Loano.<\/strong> Il programma loanese di iniziative natalizie &#8220;Incanti di Natale&#8221; prender\u00e0 il via domani, venerd\u00ec 5 dicembre, con il primo dei quattro appuntamenti con &#8220;Libri sotto l&#8217;albero&#8221;, presso la Biblioteca Civica. Sabato 6 dicembre l&#8217;associazione &#8220;Amici del Presepe di Loano&#8221; presenter\u00e0 a cittadini e turisti il tradizionale presepe ligure, allestito allestito in corso Roma, all&#8217;interno di una grotta entro la quale sar\u00e0 realizzata un&#8217;accurata ricostruzione del paesaggio dell&#8217;entroterra ligure, con borghi, mulattiere, muretti a secco e terreni coltivati.<\/p>\n<p>Ricco anche il calendario di concerti e cori natalizi nelle chiese loanesi. Si partir\u00e0 domenica 7 dicembre, alle 21, nella parrocchia dell&#8217;Immacolata, dove si esibir\u00e0 il coro polifonico &#8220;Citt\u00e0 di Loano&#8221;, diretto da Silvano de Matteis, con la partecipazione del soprano Simona Briozzo, del tenore Gianni Traverso e della pianista Paola Arecco. Altri appuntamenti il giorno successivo, sempre nello stesso luogo di culto, alle 11, quando si svolger\u00e0 la Messa musicata dal corpo bandistico &#8220;S.M. Immacolata&#8221;, e a ridosso delle festivit\u00e0 natalizie. Chiuder\u00e0 la serie di eventi musicale il coro polifonico &#8220;Citt\u00e0 di Loano&#8221;, nuovamente protagonista luned\u00ec 5 gennaio alle 21 nella chiesa di S. Agostino.<\/p>\n<p>L&#8217;Orchestra sinfonica di Sanremo proporra, inoltre, marted\u00ec 30 dicembre, il tradizionale &#8220;Concerto delle feste&#8221;, che proporr\u00e0 un programma di classici valzer e polka, firmati dalla famiglia Strauss. Sabato 3 gennaio alle 15,30, in piazza Italia, si svolger\u00e0 una festa di danze e musica all&#8217;insegna delle sonorit\u00e0 occitane. Ad aprire il pomeriggio sar\u00e0 il gruppo &#8220;A Brig\u00e0&#8221;, che lascer\u00e0 poi posto ai &#8220;Lou Dallfin&#8221; storico gruppo piemontese, che ha saputo fondere gli strumenti pi\u00f9 arcaici della tradizione con i suoni moderni, reinventando la musica popolare occitana. I suoni della tradizione saranno protagonisti anche dello spettacolo &#8220;Ri-nascita tra terra e Cielo&#8221;, in programma marted\u00ec 6 gennaio, alle 18 nella chiesa dell&#8217;Immacolata.<\/p>\n<p>Non potevano mancare, ovviamente, i mercatini di Natale, che si svolgeranno sabato 13 dicembre, in piazza Massena. La manifestazione, intitolata significativamente &#8220;Artigianalmente Natale. Mestieri in piazza&#8221; proporr\u00e0 una serie di laboratori a cielo aperto, dove gli artigiani lavoreranno direttamente davanti al pubblico, portando in piazza la creativit\u00e0 e l&#8217;abilit\u00e0 che produce originali manufatti. Gli artigiani saranno presenti con idee regalo uniche ed inimitabili anche dal 28 al 30 dicembre ed il 3 e 4.<\/p>\n<p>Altre iniziative, meno tradizionali, saranno la terza edizione di &#8220;Loanostyle&#8221;, in programma per il 27 e28 dicembre, campionato italiano di Hip Hop e Contest di Break Dance, organizzato da &#8220;Immagine Danza 4JS&#8221; di Borgio Verezzi, e gli appuntamenti promossi dall&#8217;assessorato allo Sport. Tra questi il 5\u00b0 Memorial &#8220;Mimmo Polizzano&#8221;, manifestazione di arti da combattimento, il torneo di basket &#8220;Elio Garassini&#8221; riservato alla categoria giovanile under 13 maschile, organizzato dalla societ\u00e0 sportiva &#8220;Loano Basket&#8221;, ed il torneo di calcetto &#8220;Citt\u00e0 di Loano&#8221;, riservato alla categoria Pulcini 1998.<\/p>\n<p>Il 2008 verr\u00e0 salutato con il tradizionale &#8220;Cimento&#8221; di fine anno, giunto ormai alla ventiduesima edizione, previsto per domenica 28 dicembre, alle ore 10 presso i bagni Nettuno, e con lo spettacolo di fuochi di artificio di San Silvestro, che illumineranno il cielo dal molo Kursaal a partire dalle 17,30.<\/p>\n","protected":false},"excerpt":{"rendered":"<p>[thumb:9867:l]Loano. Il programma loanese di iniziative natalizie &#8220;Incanti di Natale&#8221; prender\u00e0 il via domani, venerd\u00ec 5 dicembre, con il primo dei quattro appuntamenti con &#8220;Libri sotto l&#8217;albero&#8221;, presso la Biblioteca Civica. Sabato 6 dicembre l&#8217;associazione &#8220;Amici del Presepe di Loano&#8221; presenter\u00e0 a cittadini e turisti il tradizionale presepe ligure, allestito allestito in corso Roma, all&#8217;interno [&hellip;]<\/p>\n","protected":false},"author":13744,"featured_media":0,"comment_status":"open","ping_status":"closed","sticky":false,"template":"","format":"standard","meta":{"footnotes":""},"categories":[],"tags":[4683,3004,2671,85827,2791],"class_list":["post-42912","post","type-post","status-publish","format-standard","hentry","tag-capodanno","tag-festivita","tag-iniziative","tag-loano","tag-natale","post_cat_citta-loano"],"amp_validity":null,"amp_enabled":true,"_links":{"self":[{"href":"https:\/\/staging.ivg.it\/ediapi\/wp\/v2\/posts\/42912","targetHints":{"allow":["GET"]}}],"collection":[{"href":"https:\/\/staging.ivg.it\/ediapi\/wp\/v2\/posts"}],"about":[{"href":"https:\/\/staging.ivg.it\/ediapi\/wp\/v2\/types\/post"}],"author":[{"embeddable":true,"href":"https:\/\/staging.ivg.it\/ediapi\/wp\/v2\/users\/13744"}],"replies":[{"embeddable":true,"href":"https:\/\/staging.ivg.it\/ediapi\/wp\/v2\/comments?post=42912"}],"version-history":[{"count":0,"href":"https:\/\/staging.ivg.it\/ediapi\/wp\/v2\/posts\/42912\/revisions"}],"wp:attachment":[{"href":"https:\/\/staging.ivg.it\/ediapi\/wp\/v2\/media?parent=42912"}],"wp:term":[{"taxonomy":"category","embeddable":true,"href":"https:\/\/staging.ivg.it\/ediapi\/wp\/v2\/categories?post=42912"},{"taxonomy":"post_tag","embeddable":true,"href":"https:\/\/staging.ivg.it\/ediapi\/wp\/v2\/tags?post=42912"}],"curies":[{"name":"wp","href":"https:\/\/api.w.org\/{rel}","templated":true}]}}