{"id":429116,"date":"2018-01-18T10:06:39","date_gmt":"2018-01-18T09:06:39","guid":{"rendered":"\/\/www.ivg.it\/?p=429116"},"modified":"2018-01-18T13:01:24","modified_gmt":"2018-01-18T12:01:24","slug":"ordinanza-cani-savona-tullio-amministrazione-unione-sovietica-puniscono-cittadini","status":"publish","type":"post","link":"https:\/\/staging.ivg.it\/2018\/01\/ordinanza-cani-savona-tullio-amministrazione-unione-sovietica-puniscono-cittadini\/","title":{"rendered":"Ordinanza cani Savona, Di Tullio: &#8220;Amministrazione da Unione Sovietica, puniscono i cittadini&#8221;"},"content":{"rendered":"<p><strong>Savona<\/strong>. L&#8217;ordinanza sui cani del Comune di Savona continua a far discutere. Nelle ultime ore a tenere banco \u00e8 la notizia delle tre multe che sono state notificate al titolare del bar Haiti di piazza Sisto per il suo cane, il golden retriver Arturo, sorpreso dai vigili a girare libero davanti al locale.<\/p>\n<p>Sulla questione \u00e8 intervenuto anche l&#8217;ex vicesindaco Livio Di Tullio con una lunga riflessione: &#8220;Sono certo che il proprietario di Arturo, cane simbolo della protesta contro l&#8217;Amministrazione comunale, sia un gigantesco provocatore (e a lui piace esserlo). Sono anche dell&#8217;opinione che i Vigili Urbani hanno milioni di cose da fare e non penso che facciano certo di loro iniziativa, tre multe nella stessa situazione se non avessero qualcuno che preme perch\u00e8 Arturo (e il proprietario) abbia una &#8216;punizione esemplare&#8217;. Del resto la &#8216;punizione esemplare&#8217; ai Cittadini \u00e8 quello che questa Amministrazione sa fare. La strategia che guida le loro azioni. Dei ragazzini si mettono con le gambe a penzoloni sui bastioni del Priamar? E l&#8217;Amministrazione chiude a tutti la possibilit\u00e0 di salire sui bastioni. I Cittadini delle Fornaci non comprano i posti auto del park di Via Servettaz al prezzo deciso da Garassini di Loano e Montaldo di Laigueglia? E loro lo tengono chiuso e mandano i Vigili a far le multe. ATA non funziona e la Citt\u00e0 \u00e8 sporca perch\u00e8 hanno messo a dirigerla delle persone non all&#8217;altezza? La colpa \u00e8 dei Savonesi che son sporcaccioni.<br \/>\nCi sono proprietari maleducati di cani? E loro &#8211; di fatto &#8211; impediscono a tutti i proprietari di cani di girare in alcune zone della Citt\u00e0&#8221;.<\/p>\n<p>&#8220;Questa Amministrazione \u00e8 di destra liberale? Ma per favore. Si comportano come una Amministrazione dell&#8217;Unione Sovietica. Pensano che nel 2018, sia possibile amministrare una Citt\u00e0 con le punizioni invece che con la faticosa opera di coinvolgimento e di coesione dei Cittadini. Illudono quella parte di Cittadini esasperati dall&#8217;incuria e dalla sporcizia e mostrano un nemico per coprire la loro incapacit\u00e0. Utilizzano i commercianti (ammesso che di loro si tratti e mi sa che pure questa \u00e8 una palla) per giustificare i loro errori e dividono la Citt\u00e0. Il problema \u00e8 questo, mica la pip\u00ec dei cani che certo \u00e8 una seccatura ma che non giustifica una reazione di questo tipo. E&#8217; la reazione delle centinaia di proprietari per bene di cani, attenti alla loro Citt\u00e0, che trovano ingiusto essere additati come responsabili del degrado. Non sono proprietari di cani. Sono Cittadini savonesi per bene&#8221; prosegue Di Tullio.<\/p>\n<p><iframe loading=\"lazy\" style=\"border: none; overflow: hidden;\" src=\"https:\/\/www.facebook.com\/plugins\/video.php?href=https%3A%2F%2Fwww.facebook.com%2FIVG.it%2Fvideos%2F10155522783943303%2F&amp;show_text=0&amp;width=560\" width=\"560\" height=\"315\" frameborder=\"0\" scrolling=\"no\" allowfullscreen=\"allowfullscreen\"><\/iframe><\/p>\n<p>&#8220;Si dice che in politica, gli spazi vuoti vengano sempre occupati. Nell&#8217;assenza di una opposizione politica e sociale capace di offrire non l&#8217;idea alternativa al problema della pip\u00ec ma una idea alternativa di Citt\u00e0, Arturo, Menta, Fuffy, Boby, Pimpa, Cleo, Wilson e gli altri cani savonesi, sono diventati opposizione, loro malgrado, a un modello di governo repressivo, che punisce invece di coinvolgere, che fa le multe invece di discutere. Fanno i duri ma sono solo &#8216;chiacchere e distintivo&#8217;. Non ci resta che votare i cani savonesi, loro che al massimo ambirebbero ad una sgambata in spiaggia, a una coperta e a una ciotola piena di zuppa. Viva il Partito di Arturo&#8221; conclude Livio Di Tullio.<\/p>\n","protected":false},"excerpt":{"rendered":"<p>L&#8217;ex vicesindaco critica la strategia della Giunta Caprioglio: &#8220;Fanno i duri, ma sono solo chiacchiere e distintivo, meglio votare i 4 zampe&#8230;&#8221;<\/p>\n","protected":false},"author":2394,"featured_media":0,"comment_status":"open","ping_status":"closed","sticky":false,"template":"","format":"standard","meta":{"footnotes":""},"categories":[31],"tags":[99000],"class_list":["post-429116","post","type-post","status-publish","format-standard","hentry","category-politica","tag-ordinanza-cani-savona","post_cat_citta-savona"],"amp_validity":null,"amp_enabled":true,"_links":{"self":[{"href":"https:\/\/staging.ivg.it\/ediapi\/wp\/v2\/posts\/429116","targetHints":{"allow":["GET"]}}],"collection":[{"href":"https:\/\/staging.ivg.it\/ediapi\/wp\/v2\/posts"}],"about":[{"href":"https:\/\/staging.ivg.it\/ediapi\/wp\/v2\/types\/post"}],"author":[{"embeddable":true,"href":"https:\/\/staging.ivg.it\/ediapi\/wp\/v2\/users\/2394"}],"replies":[{"embeddable":true,"href":"https:\/\/staging.ivg.it\/ediapi\/wp\/v2\/comments?post=429116"}],"version-history":[{"count":0,"href":"https:\/\/staging.ivg.it\/ediapi\/wp\/v2\/posts\/429116\/revisions"}],"wp:attachment":[{"href":"https:\/\/staging.ivg.it\/ediapi\/wp\/v2\/media?parent=429116"}],"wp:term":[{"taxonomy":"category","embeddable":true,"href":"https:\/\/staging.ivg.it\/ediapi\/wp\/v2\/categories?post=429116"},{"taxonomy":"post_tag","embeddable":true,"href":"https:\/\/staging.ivg.it\/ediapi\/wp\/v2\/tags?post=429116"}],"curies":[{"name":"wp","href":"https:\/\/api.w.org\/{rel}","templated":true}]}}