{"id":429115,"date":"2018-01-18T09:04:21","date_gmt":"2018-01-18T08:04:21","guid":{"rendered":"\/\/www.ivg.it\/?p=429115"},"modified":"2018-01-18T09:04:21","modified_gmt":"2018-01-18T08:04:21","slug":"musei-e-privati","status":"publish","type":"post","link":"https:\/\/staging.ivg.it\/2018\/01\/musei-e-privati\/","title":{"rendered":"Musei e Privati"},"content":{"rendered":"<p>Aal campus universitario di Savona si \u00e8 svolto il &#8220;hackaton day&#8221; ovvero la giornata dedicata alla preparazione del possibile progetto per la futura gestione del Museo della Ceramica di Savona .A stare ai giornali vi sono stati ben 137 iscritti e iscritte, che hanno dovuto elaborare un progetto da cui ne verranno selezionati un numero limitato ,che seguiranno un percorso allo scopo di &#8220;individuare e selezionare una nuova squadra a cui affidare la gestione sperimentale del Museo della Ceramica per un periodo di due anni con possibile proroga per un successivo triennio&#8221; come si evince dal sito del Museo.<\/p>\n<p>A questo punto bisogna considerare due dati:<br \/>\na) Il progetto \u00e8 stato sostenuto dalla Fondazione Garrone di Genova ma ha avuto il benestare, tra gli altri, del Comune di Savona e della Fondazione de Mari, che dovrebbe sopportare a stare ai quotidiani i costi del primo anno di gestione;<br \/>\nb) Nel museo dovrebbero essere pure esposte opere di propriet\u00e0 del Comune di Savona come la vaseria dell&#8217;antico Ospedale S.Paolo e la donazione Boncompagni Ludovisi.<br \/>\nA questo punto noi verdi vorremmo porre al Comune di Savona nella persona dell&#8217;assessore alla cultura e Sindaca avv.Caprioglio alcune domande:<br \/>\na) Tutto questo importante materiale verr\u00e0 affidato alle gestione di soggetti privati, che verranno scelti da una struttura privata ma con quali criteri per la valorizzazione e fruibilit\u00e0 del patrimonio pubblico e collettivo?<br \/>\nb) La gestione del Museo della Ceramica dovr\u00e0 in prospettiva presumibilmente produrre utili per cui vedremo forse al museo cene, matrimoni, cresime, battesimi e comunioni allo scopo di rendere redditizia la gestione biennale come sta avvenendo in altre parti di Italia con importanti discussioni in merito alla conoscenza, valorizzazione e tutela dei beni?<br \/>\nc) Quale tipo di interazione verr\u00e0 stabilita con Pinacoteca ovvero per continuit\u00e0 pure la Pinacoteca Civica sar\u00e0 privatizzata e la gestione affidata ai sostenitori di una politica culturale basata sui dati turistici e sul concetto secondo cui i beni culturali sarebbero &#8220;giacimenti da sfruttare&#8221; e da far lucrare e non il segno della coscienza collettiva di una comunit\u00e0 e l&#8217;occasione di arricchimento per coloro che volessero visitarla?<br \/>\nd) Quali tipi di percorsi sono stati delineati per avviare un percorso sulla ceramica, che parta finalmente dal Museo archeologico ove ne \u00e8 testimoniata l&#8217;origine per finire al Museo diffuso di Albissola Marina, a Casa Jorn e al museo Trucco di Albisola Superiore?<\/p>\n<p>Noi Verdi capiamo che fare la Sindaca in una citt\u00e0 come Savona sia molto difficile per cui sicuramente fare anche l&#8217;assessore alla cultura sar\u00e0 molto complesso per cui forse Ella non sar\u00e0 riuscita ad esempio ad andare a vedere la collezione Gambarutti e sicuramente possiamo permetterci di &#8220;perdere la collezione Salomone&#8221; ma potrebbe sempre fare una cosa ovvero andarsene con tutta la sua Giunta e permettere alle cittadine e ai cittadini savonesi di tornare al voto prima che si sia sommersi da cemento, bitume e carbone.<\/p>\n<p style=\"text-align: right;\"><em><strong>Danilo Bruno<\/strong><\/em><\/p>\n","protected":false},"excerpt":{"rendered":"<p>Aal campus universitario di Savona si \u00e8 svolto il &#8220;hackaton day&#8221; ovvero la giornata dedicata alla preparazione del possibile progetto per la futura gestione del Museo della Ceramica di Savona .A stare ai giornali vi sono stati ben 137 iscritti e iscritte, che hanno dovuto elaborare un progetto da cui ne verranno selezionati un numero [&hellip;]<\/p>\n","protected":false},"author":12120,"featured_media":0,"comment_status":"open","ping_status":"closed","sticky":false,"template":"","format":"standard","meta":{"footnotes":""},"categories":[120,31],"tags":[24760,21419,11309,10822,98465,86242,57413],"class_list":["post-429115","post","type-post","status-publish","format-standard","hentry","category-lettere","category-politica","tag-camera-commercio-savona","tag-campus-universitario-savona","tag-comune-di-savona","tag-fondazione-de-mari","tag-fondazione-garrone","tag-museo-della-ceramica","tag-verdi-savonesi","post_cat_citta-savona","post_tag_personaggi-danilo-bruno","post_tag_personaggi-ilaria-caprioglio"],"amp_validity":null,"amp_enabled":true,"_links":{"self":[{"href":"https:\/\/staging.ivg.it\/ediapi\/wp\/v2\/posts\/429115","targetHints":{"allow":["GET"]}}],"collection":[{"href":"https:\/\/staging.ivg.it\/ediapi\/wp\/v2\/posts"}],"about":[{"href":"https:\/\/staging.ivg.it\/ediapi\/wp\/v2\/types\/post"}],"author":[{"embeddable":true,"href":"https:\/\/staging.ivg.it\/ediapi\/wp\/v2\/users\/12120"}],"replies":[{"embeddable":true,"href":"https:\/\/staging.ivg.it\/ediapi\/wp\/v2\/comments?post=429115"}],"version-history":[{"count":0,"href":"https:\/\/staging.ivg.it\/ediapi\/wp\/v2\/posts\/429115\/revisions"}],"wp:attachment":[{"href":"https:\/\/staging.ivg.it\/ediapi\/wp\/v2\/media?parent=429115"}],"wp:term":[{"taxonomy":"category","embeddable":true,"href":"https:\/\/staging.ivg.it\/ediapi\/wp\/v2\/categories?post=429115"},{"taxonomy":"post_tag","embeddable":true,"href":"https:\/\/staging.ivg.it\/ediapi\/wp\/v2\/tags?post=429115"}],"curies":[{"name":"wp","href":"https:\/\/api.w.org\/{rel}","templated":true}]}}