{"id":427924,"date":"2018-01-01T18:22:00","date_gmt":"2018-01-01T17:22:00","guid":{"rendered":"\/\/www.ivg.it\/?p=427924"},"modified":"2018-01-01T20:11:28","modified_gmt":"2018-01-01T19:11:28","slug":"rugby-anticipato-recupero-san-mauro-savona-si-affronteranno-domenica","status":"publish","type":"post","link":"https:\/\/staging.ivg.it\/2018\/01\/rugby-anticipato-recupero-san-mauro-savona-si-affronteranno-domenica\/","title":{"rendered":"Rugby, anticipato il recupero: San Mauro e Savona si affronteranno domenica"},"content":{"rendered":"<p><strong>Savona<\/strong>.<strong> Domenica 7 gennaio, al Parco Einaudi alle ore 14,30, si terr\u00e0 il recupero dell\u2019incontro fra Rugby San Mauro e Savona Rugby,<\/strong> valevole per il 9\u00b0 turno del campionato di <strong>Serie C1.<\/strong><\/p>\n<p><strong>La partita non\u00a0si era potuta giocare domenica 17 dicembre<\/strong> per un\u2019improvvisa gelata che aveva trasformato il campo torinese in una lastra di ghiaccio; la federazione ha scelto di far recuperare immediatamente l\u2019incontro al fine di poter <strong>terminare la fase preliminare come previsto per domenica 14 gennaio.<\/strong> Questo si \u00e8 reso necessario in quanto gi\u00e0 <strong>dalla domenica successiva prenderanno l\u2019avvio i tornei Promozione e Salvezza e non ci sarebbe stato il tempo per il recupero.<\/strong><\/p>\n<p>Come abbiamo gi\u00e0 rimarcato il San Mauro \u00e8 squadra da non sottovalutare. I torinesi hanno un buon gioco collettivo e sono molto forti nelle ripartenze, per cui i biancorossi dovranno scendere in campo con strategie chiare e pragmatiche, per mirare al risultato pieno.<strong> Determinante sar\u00e0 l\u2019impostazione tattica dell\u2019incontro da definire nei primissimi minuti di gioco; fra due squadre sostanzialmente equilibrate vincer\u00e0 chi avr\u00e0 pi\u00f9 tattica e cuore, doti che Savona possiede e che deve far fruttare.<\/strong><\/p>\n<p>La sosta natalizia ha portato novit\u00e0 nel Savona. La pi\u00f9 significativa \u00e8 il<strong> passaggio della fascia di capitano da Andrea Costantino a Giacomo Urbani.<\/strong><\/p>\n<p><strong>Costantino rappresenta e rappresenter\u00e0 sempre lo spirito della recente rinascita del rugby a Savona<\/strong>, assieme a compagni quali Andy Sheu, Emiliano Luvar\u00e0 e Michele Tobia; il passaggio assume il significato di<strong> un testimone generazionale affidato a Giacomo Urbani, capitano che lega il recente passato al futuro,<\/strong> rappresentato da tutti i giocatori che negli ultimi due anni sono passati dalle giovanili alla prima squadra. Non dimentichiamo che negli ultimi incontri l\u2019et\u00e0 media dei giocatori biancorossi si \u00e8 assestata sui 21\/22 anni.<\/p>\n<p>Altro beneficio portato dalla lunga assenza dai campi di gioco riguarda <strong>la disponibilit\u00e0 della rosa, tornata finalmente nella sua interezza.<\/strong><\/p>\n<p>Per domenica dunque \u00e8 in programma un incontro di cartello che verr\u00e0 giocato dalle due squadre sino all\u2019ultimo secondo, come accadde all\u2019andata; <strong>in palio ci sono punti pesanti che permetterebbero al Savona di accedere subito al girone Promozione e al San Mauro di rimandare il verdetto all\u2019ultima giornata.<\/strong><\/p>\n<p><em>Nelle foto:<\/em> Andrea Costantino e Giacomo Urbani.<\/p>\n","protected":false},"excerpt":{"rendered":"<p>Tra i biancorossi cambia il capitano: la fascia passa da Andrea Costantino a Giacomo Urbani<\/p>\n","protected":false},"author":18,"featured_media":0,"comment_status":"open","ping_status":"closed","sticky":false,"template":"","format":"standard","meta":{"footnotes":""},"categories":[45296,42377,32],"tags":[2064,11779,7372],"class_list":["post-427924","post","type-post","status-publish","format-standard","hentry","category-copertina","category-altri-sport","category-sport","tag-rugby","tag-savona-rugby","tag-serie-c1","post_cat_citta-savona","post_tag_personaggi-andrea-costantino","post_tag_personaggi-giacomo-urbani"],"amp_validity":null,"amp_enabled":true,"_links":{"self":[{"href":"https:\/\/staging.ivg.it\/ediapi\/wp\/v2\/posts\/427924","targetHints":{"allow":["GET"]}}],"collection":[{"href":"https:\/\/staging.ivg.it\/ediapi\/wp\/v2\/posts"}],"about":[{"href":"https:\/\/staging.ivg.it\/ediapi\/wp\/v2\/types\/post"}],"author":[{"embeddable":true,"href":"https:\/\/staging.ivg.it\/ediapi\/wp\/v2\/users\/18"}],"replies":[{"embeddable":true,"href":"https:\/\/staging.ivg.it\/ediapi\/wp\/v2\/comments?post=427924"}],"version-history":[{"count":0,"href":"https:\/\/staging.ivg.it\/ediapi\/wp\/v2\/posts\/427924\/revisions"}],"wp:attachment":[{"href":"https:\/\/staging.ivg.it\/ediapi\/wp\/v2\/media?parent=427924"}],"wp:term":[{"taxonomy":"category","embeddable":true,"href":"https:\/\/staging.ivg.it\/ediapi\/wp\/v2\/categories?post=427924"},{"taxonomy":"post_tag","embeddable":true,"href":"https:\/\/staging.ivg.it\/ediapi\/wp\/v2\/tags?post=427924"}],"curies":[{"name":"wp","href":"https:\/\/api.w.org\/{rel}","templated":true}]}}