{"id":427834,"date":"2017-12-30T11:45:51","date_gmt":"2017-12-30T10:45:51","guid":{"rendered":"\/\/www.ivg.it\/?p=427834"},"modified":"2017-12-30T12:43:28","modified_gmt":"2017-12-30T11:43:28","slug":"pietra-la-piazza-del-2000-chiude-alle-auto-apre-pedoni-dehors","status":"publish","type":"post","link":"https:\/\/staging.ivg.it\/2017\/12\/pietra-la-piazza-del-2000-chiude-alle-auto-apre-pedoni-dehors\/","title":{"rendered":"Pietra: la &#8220;piazza del 2000&#8221; chiude alle auto, ma apre a pedoni e dehors"},"content":{"rendered":"<p><strong>Pietra Ligure<\/strong> si presenta rinnovata all&#8217;appuntamento con il 2018.<\/p>\n<p>Questa mattina, infatti, \u00e8 stata inaugurata la &#8220;nuova&#8221; piazza Vittorio Emanuele II, che \u00e8 stata interamente riqualificata, mentre domani verr\u00e0 &#8220;tagliato il nastro&#8221; per piazza del Soccorso, nel levante cittadino.<\/p>\n<p>&#8220;Oggi \u00e8 una giornata importante per Pietra Ligure&#8221; ha detto il sindaco Dario Valeriani (alla cerimonia erano presenti anche i sindaci del comprensorio pietrese e il rappresentante nazionale della barriera Lilla) che ha proseguito: &#8220;Questo spazio da oggi \u00e8 interamente pedonale e valorizzer\u00e0 il centro storico. Lo abbiamo restituito ai cittadini abbattendo tutte le barriere architettoniche. Sar\u00e0 un nuovo salotto buono della citt\u00e0&#8221;.<\/p>\n<p><iframe loading=\"lazy\" style=\"border: none; overflow: hidden;\" src=\"https:\/\/www.facebook.com\/plugins\/video.php?href=https%3A%2F%2Fwww.facebook.com%2FIVG.it%2Fvideos%2F10155539552453303%2F&amp;show_text=0&amp;width=560\" width=\"560\" height=\"311\" frameborder=\"0\" scrolling=\"no\" allowfullscreen=\"allowfullscreen\"><\/iframe><\/p>\n<p>\u201cIl restyling di piazza Vittorio Emanuele II si inserisce nel pi\u00f9 ampio intervento di riqualificazione, valorizzazione e pedonalizzazione del centro storico e siamo certi che l\u2019operazione voluta dall\u2019amministrazione avr\u00e0 importanti ricadute positive sul tessuto commerciale della zona e sull\u2019appetibilit\u00e0 sotto l\u2019aspetto turistico dell\u2019intera citt\u00e0 \u2013 spiega ancora il sindaco \u2013. Possiamo dire che la piazza si \u00e8 quasi raddoppiata e l\u2019ottimo risultato lo si raccoglie dai commenti positivi dei residenti e dai primi giudizi dei tanti turisti che stanno arrivando a Pietra per trascorrere le festivit\u00e0\u201d. <\/p>\n<p>Il sindaco ha tagliato conrto anche rispetto alle numerose polemiche che si sono sollevate intorno alla scelta di pedonalizzare la piazza: &#8220;Il cambiamento fa parte della vita e credo che questo intervento migliorer\u00e0 il centro storico senza creare disagi alla cittadinanza. Siamo certi che l&#8217;operazione avr\u00e0 anche importanti ricadute sul tessuto commerciale della citt\u00e0&#8221;.<\/p>\n","protected":false},"excerpt":{"rendered":"<p>Valeriani dopo il taglio del nastro della nuova piazza Vittorio Emanuele II: \u201cLa nostra citt\u00e0 sempre pi\u00f9 bella ed accogliente\u201d   <\/p>\n","protected":false},"author":2394,"featured_media":0,"comment_status":"open","ping_status":"closed","sticky":false,"template":"","format":"standard","meta":{"footnotes":""},"categories":[45296,31],"tags":[12936,3635],"class_list":["post-427834","post","type-post","status-publish","format-standard","hentry","category-copertina","category-politica","tag-comune-di-pietra-ligure","tag-lavori-pubblici","post_cat_citta-pietra-ligure","post_tag_personaggi-dario-valeriani"],"amp_validity":null,"amp_enabled":true,"_links":{"self":[{"href":"https:\/\/staging.ivg.it\/ediapi\/wp\/v2\/posts\/427834","targetHints":{"allow":["GET"]}}],"collection":[{"href":"https:\/\/staging.ivg.it\/ediapi\/wp\/v2\/posts"}],"about":[{"href":"https:\/\/staging.ivg.it\/ediapi\/wp\/v2\/types\/post"}],"author":[{"embeddable":true,"href":"https:\/\/staging.ivg.it\/ediapi\/wp\/v2\/users\/2394"}],"replies":[{"embeddable":true,"href":"https:\/\/staging.ivg.it\/ediapi\/wp\/v2\/comments?post=427834"}],"version-history":[{"count":0,"href":"https:\/\/staging.ivg.it\/ediapi\/wp\/v2\/posts\/427834\/revisions"}],"wp:attachment":[{"href":"https:\/\/staging.ivg.it\/ediapi\/wp\/v2\/media?parent=427834"}],"wp:term":[{"taxonomy":"category","embeddable":true,"href":"https:\/\/staging.ivg.it\/ediapi\/wp\/v2\/categories?post=427834"},{"taxonomy":"post_tag","embeddable":true,"href":"https:\/\/staging.ivg.it\/ediapi\/wp\/v2\/tags?post=427834"}],"curies":[{"name":"wp","href":"https:\/\/api.w.org\/{rel}","templated":true}]}}