{"id":427439,"date":"2017-12-22T18:27:02","date_gmt":"2017-12-22T17:27:02","guid":{"rendered":"\/\/www.ivg.it\/?p=427439"},"modified":"2017-12-22T18:27:02","modified_gmt":"2017-12-22T17:27:02","slug":"gli-auguri-buone-feste-tutti-suoi-sostenitori-parte-della-cantera-torre-de-leon","status":"publish","type":"post","link":"https:\/\/staging.ivg.it\/2017\/12\/gli-auguri-buone-feste-tutti-suoi-sostenitori-parte-della-cantera-torre-de-leon\/","title":{"rendered":"Gli auguri di buone feste a tutti i suoi sostenitori da parte della Cantera Torre de Leon"},"content":{"rendered":"<p>Sotto un albero di Natale imbiancato da qualche fiocco di neve che puntuale come sempre \u00e8 caduta dal cielo e nel solco di una tradizione oramai consolidata, il leggendario team dream biancorosso vuole cogliere al volo la festosa occasione per ringraziare tutti gli splendidi ragazzi che l&#8217;hanno portato a mietere successi e fama in campo internazionale e quanti ne faranno ancora parte nel 2018 alle porte.<\/p>\n<p>Visto che la programmazione della prossima stagione estiva \u00e8 gi\u00e0 stata messa a punto, al portavoce ufficiale del sodalizio spetta l&#8217;onore di rappresentare degnamente le aspirazioni del gruppo nonch\u00e8 l&#8217;onere di fare un sommario bilancio della vincente navigazione della flotta &#8220;canterina&#8221; all&#8217;interno delle acque mediterranee solcate ancora una volta con orgoglio e senza alcun timore. Parliamo del responsabile tecnico dott. <strong>Felicino Vaniglia<\/strong>, il &#8220;vero deus ex machina&#8221; e leader carismatico del baby football group savonese che cos\u00ec ci ha comunicato:<\/p>\n<p>&#8220;Quella 2017 \u00e8 stata senza dubbio per la<strong> Cantera TDL<\/strong>, un&#8217;altra ennesima annata doc ricca di grandi soddisfazioni e di brillanti risultati, tecnici e non solo, culminata con l&#8217;aver centrato ben 5 podi su altrettante partecipazioni (3 primi, 1 secondo e 1 terzo) che ci hanno permesso di onorare la &#8216;Estrella Dorada&#8217;, il prestigioso riconoscimento conferitoci il 23 settembre 2015 a Barcellona dalla Federazione Catalana per aver vinto 10 tornei consecutivi su altrettante rassegne sportive di livello europeo disputate in terra di Catalunya, alla corte di Messi &amp; compagni. Per la nostra super premiata associazione sportivo\/ricreativa che come obiettivo primario, donandole lustro e visibilit\u00e0, ha quello dell&#8217;export dell&#8217;immagine del talento calcistico giovanile della nostra provincia in tutto il mondo, non c&#8217;\u00e8 per\u00f2 mai tregua ed eccoci qui a ripresentarvi pi\u00f9 avvincenti che mai le nostre proposte in anteprima approfittando del fermo dei campionati per la sosta natalizia in un mix di gettonate conferme e di ghiotte novit\u00e0.<\/p>\n<p>D&#8217;altronde i consensi che abbiamo ricevuto in ogni dove, dimostrano la validit\u00e0 delle scelte nel preparare a dovere le manifestazioni che offriamo e cosa forse pi\u00f9 importante di tutto, la bont\u00e0 delle equipe, che di volta in volta riusciamo meritoriamente a comporre utilizzando criteri di rispetto della professionalit\u00e0 e di pluri-rappresentanza: un approccio che nel metodo e nel merito riesce a far s\u00ec che i giovani si innamorino di noi e del calcio &#8216;carioca&#8217; che garantiamo e che non ci abbandonino pi\u00f9. Tutti questi esiti virtuosi di cui ho cercato sinteticamente di fornire un riepilogo ci hanno obbligatoriamente portato a regalare la possibilit\u00e0 di aderire a programmi ambiziosi anche nel 2018 di cui mi appresto ad illustrare la calendarizzazione relativa alle\u00a0quattro selezioni (leva dal 1998 al 2003) con cui ci presenteremo ai nastri di partenza:<\/p>\n<p><strong>Copa Catalunya<\/strong><span style=\"color: #333333; font-family: 'Trebuchet MS', Arial, Helvetica, sans-serif;\"><strong>:<\/strong>\u00a0<\/span><span id=\"gmail-m_9035513779404236265gmail-OBJ_PREFIX_DWT207_com_zimbra_date\" class=\"gmail-m_9035513779404236265gmail-Object\">da domenica 24 giugno a sabato 30 giugno<\/span><br \/>\n<strong>Spain Trophy<\/strong><span style=\"color: #333333; font-family: 'Trebuchet MS', Arial, Helvetica, sans-serif;\"><strong>:<\/strong> <span id=\"gmail-m_9035513779404236265gmail-OBJ_PREFIX_DWT207_com_zimbra_date\" class=\"gmail-m_9035513779404236265gmail-Object\">da domenica 1 luglio a sabato\u00a07 luglio<\/span><\/span><\/p>\n<p>Ringraziando ancora l&#8217;Asd La Fortezza\u00a0Savona (affiliata Libertas) per averci accolto degnamente al suo interno, on ci resta che augurare a tutti coloro che hanno incoraggiato e che incoraggeranno il nostro &#8216;progetto&#8217; (societ\u00e0, genitori, accompagnatori, simpatizzanti) di trascorrere delle serene festivit\u00e0 ed inviare uno speciale e cordialissimo buon 2018 ai &#8216;campeones&#8217; che ci hanno permesso e che confidiamo ci permetteranno di accomodarci sul trono di Spagna: siate felici ragazzi e mi raccomando, continuate ad impegnarvi a fondo sui banchi di scuola, sui terreni di gioco e nella vita familiare e sociale, perch\u00e9 solo cos\u00ec potrete crescere bene e non ultimo avere le carte in regola per entrare a far parte delle nostre prestigiose compagini&#8221;.<\/p>\n<p><b>El recuerdo, como una vela, brilla m\u00e1s en Navidad!<\/b><\/p>\n","protected":false},"excerpt":{"rendered":"<p>Lo speciale Settore Giovanile del ct Vaniglia<\/p>\n","protected":false},"author":18,"featured_media":0,"comment_status":"open","ping_status":"closed","sticky":false,"template":"","format":"standard","meta":{"footnotes":""},"categories":[182,32],"tags":[85989,5327,58119],"class_list":["post-427439","post","type-post","status-publish","format-standard","hentry","category-calcio","category-sport","tag-calcio","tag-calcio-giovanile","tag-speciale-settore-giovanile","post_tag_personaggi-felicino-vaniglia"],"amp_validity":null,"amp_enabled":true,"_links":{"self":[{"href":"https:\/\/staging.ivg.it\/ediapi\/wp\/v2\/posts\/427439","targetHints":{"allow":["GET"]}}],"collection":[{"href":"https:\/\/staging.ivg.it\/ediapi\/wp\/v2\/posts"}],"about":[{"href":"https:\/\/staging.ivg.it\/ediapi\/wp\/v2\/types\/post"}],"author":[{"embeddable":true,"href":"https:\/\/staging.ivg.it\/ediapi\/wp\/v2\/users\/18"}],"replies":[{"embeddable":true,"href":"https:\/\/staging.ivg.it\/ediapi\/wp\/v2\/comments?post=427439"}],"version-history":[{"count":0,"href":"https:\/\/staging.ivg.it\/ediapi\/wp\/v2\/posts\/427439\/revisions"}],"wp:attachment":[{"href":"https:\/\/staging.ivg.it\/ediapi\/wp\/v2\/media?parent=427439"}],"wp:term":[{"taxonomy":"category","embeddable":true,"href":"https:\/\/staging.ivg.it\/ediapi\/wp\/v2\/categories?post=427439"},{"taxonomy":"post_tag","embeddable":true,"href":"https:\/\/staging.ivg.it\/ediapi\/wp\/v2\/tags?post=427439"}],"curies":[{"name":"wp","href":"https:\/\/api.w.org\/{rel}","templated":true}]}}