{"id":42718,"date":"2008-12-02T16:44:09","date_gmt":"2008-12-02T15:44:09","guid":{"rendered":"http:\/\/www.ivg.it\/?p=42718"},"modified":"2008-12-03T07:05:46","modified_gmt":"2008-12-03T06:05:46","slug":"margonara-divergenza-tra-albisola-e-savona-rifondazione-non-demorde","status":"publish","type":"post","link":"https:\/\/staging.ivg.it\/2008\/12\/margonara-divergenza-tra-albisola-e-savona-rifondazione-non-demorde\/","title":{"rendered":"Margonara: divergenza tra Albissola e Savona, Rifondazione non demorde"},"content":{"rendered":"<p>[image:9858:r:s=1]<strong>Savona<\/strong>. Aula consiliare strapiena a palazzo Sisto, dove in molti hanno trovato spazio soltanto in piedi, per seguire l&#8217;atteso consiglio comunale sulla valutazione di ammissibilit\u00e0 del porto turistico della Margonara. Alcuni militanti del coordinamento &#8220;Margonara Viva&#8221;, contestatori di lungo corso dell&#8217;opera, si sono presentati con sagome di cartone ritagliate a forma di mani con la scritta polemica &#8220;La mano di Fuffas&#8221;.<\/p>\n<p>L&#8217;assessore savonese alla pianificazione territoriale Livio Di Tullio ha ricevuto questa mattina una lettera dal Comune di Albissola Marina, con la quale l&#8217;amministrazione guidata dal sindaco Stefano Parodi chiede la sospensione del progetto. Una missiva dettata dalla scomparsa del residenziale e una conferma pesante della divergenza sempre pi\u00f9 marcata tra i due Comuni, che devono vedersela con un elaborato progettuale unico al quale sono chiamati egualmente concorrere. Trattandosi di uno Strumento Urbanistico Attuativo unitario, le due amministrazioni dovranno sciogliere i nodi del conflitto in sede di conferenza di servizi.<\/p>\n<p>Per Savona, tuttavia, l&#8217;operazione Margonara ha una prospettiva squisitamente turistica e occupazionale. Lo ha ribadito lo stesso Di Tullio: &#8220;Abbiamo deciso di eliminare la parte residenziale perch\u00e9 si tratta di un investimento produttivo nel campo della nautica e del turismo. Lo sbarramento al residenziale comporta il taglio di 4 mila metri quadri su 16 mila, quindi \u00e8 sostanzialmente un cambiamento marginale&#8221;.<\/p>\n<p>L&#8217;assessore minimizza le difformit\u00e0 procedurali segnalate dagli uffici ambiente e pianificazione territoriale della Regione, che con una nota alla Port Authority e al Comune di Savona avevano chiesto la rivisitazione del corso della pratica: &#8220;Si \u00e8 dato un risalto eccessivo e distorto alla comunicazione della Regione, che invece detta semplicemente quale debba essere l&#8217;iter corretto e non aggiunge nulla. Il Comune andr\u00e0 avanti sul progetto preliminare approvato in commissione e che i vari enti coinvolti hanno ricevuto oltre un anno fa&#8221;.<\/p>\n<p>Se l&#8217;esclusione delle residenze private a vantaggio della funzione turistica corrode i rapporti con Albissola, sul fronte interno la maggioranza del sindaco Federico Berruti deve affrontare le problematiche con Rifondazione comunista e, seppure in senso extraconsiliare ma comunque politico, con i Verdi. I detrattori del progetto infatti proseguono senza sosta l&#8217;opera di mobilitazione per fermare la costruzione del porticciolo che stravolgerebbe la morfologia della Madonnetta.[image:9857:r:s=1]<\/p>\n<p>&#8220;L&#8217;accordo di programma ad inizio mandato evidenziava gi\u00e0 i contrasti sul caso Margonara &#8211; precisa l&#8217;assessore Di Tullio &#8211; e si era stabilito che ciascuno avrebbe votato secondo coscienza. Quindi escludo ricadute sugli altri settori in cui opera la maggioranza. Anche perch\u00e9 rimane aperto il confronto con Rifondazione&#8221;.<\/p>\n<p>Ma il Prc, che ha lanciato un appello a Berruti per il ritiro del progetto, \u00e8 di avviso diametralmente opposto: nella conferenza dei capigruppo precedente all&#8217;apertura del consiglio comunale Milvia Pastorino ha ribadito la richiesta dello stop alla pratica e il segretario provinciale del partito Marco Ravera \u00e8 tornato a ripetere: &#8220;No, nell&#8217;accordo di governo della citt\u00e0 non c&#8217;era il progetto del porto turistico, che \u00e8 invece una gravosa eredit\u00e0 della giunta precedente&#8221;. Come \u00e8 noto, Rifondazione percepisce la costruzione dell&#8217;opera come una strozzatura dell&#8217;attivit\u00e0 del porto commerciale e una devastazione ambientale della costa.<\/p>\n<p>Lo scontro potrebbe compromettere gli equilibri della compagine amministrativa, secondo Ravera, che stigmatizza l&#8217;ipotesi di &#8220;maggioranze variabili&#8221;: &#8220;Se i voti del centrodestra risulteranno determinanti nella pratica, si aprirebbe un caso politico. Lasciamo aperto uno spiraglio soltanto se il resto della maggioranza fosse compatto nell&#8217;approvazione&#8221;.<\/p>\n<p>I Verdi invece chiedono che venga indetto un referendum comunale. In realt\u00e0 lo strumento, pur contemplato dalla statuto comunale, non \u00e8 disciplinato da un regolamento attuativo. Gli ambientalisti, dunque, avanzano l&#8217;istanza del ritiro del progetto, seguito dalla consultazione popolare e dal ritorno della documentazione progettuale in consiglio, che dovr\u00e0 valutare il tutto sulla scorta del parere della gente.<\/p>\n","protected":false},"excerpt":{"rendered":"<p>[image:9858:r:s=1]Savona. Aula consiliare strapiena a palazzo Sisto, dove in molti hanno trovato spazio soltanto in piedi, per seguire l&#8217;atteso consiglio comunale sulla valutazione di ammissibilit\u00e0 del porto turistico della Margonara. Alcuni militanti del coordinamento &#8220;Margonara Viva&#8221;, contestatori di lungo corso dell&#8217;opera, si sono presentati con sagome di cartone ritagliate a forma di mani con la [&hellip;]<\/p>\n","protected":false},"author":5,"featured_media":0,"comment_status":"open","ping_status":"closed","sticky":false,"template":"","format":"standard","meta":{"footnotes":""},"categories":[35,31],"tags":[1062,1814,1813,197,1359,968,576,499],"class_list":["post-42718","post","type-post","status-publish","format-standard","hentry","category-economia","category-politica","tag-federico-berruti","tag-fuksas","tag-margonara","tag-pd","tag-porti","tag-porto","tag-rifondazione","tag-verdi","post_cat_citta-albisola-superiore","post_cat_citta-albissola-marina"],"amp_validity":null,"amp_enabled":true,"_links":{"self":[{"href":"https:\/\/staging.ivg.it\/ediapi\/wp\/v2\/posts\/42718","targetHints":{"allow":["GET"]}}],"collection":[{"href":"https:\/\/staging.ivg.it\/ediapi\/wp\/v2\/posts"}],"about":[{"href":"https:\/\/staging.ivg.it\/ediapi\/wp\/v2\/types\/post"}],"author":[{"embeddable":true,"href":"https:\/\/staging.ivg.it\/ediapi\/wp\/v2\/users\/5"}],"replies":[{"embeddable":true,"href":"https:\/\/staging.ivg.it\/ediapi\/wp\/v2\/comments?post=42718"}],"version-history":[{"count":0,"href":"https:\/\/staging.ivg.it\/ediapi\/wp\/v2\/posts\/42718\/revisions"}],"wp:attachment":[{"href":"https:\/\/staging.ivg.it\/ediapi\/wp\/v2\/media?parent=42718"}],"wp:term":[{"taxonomy":"category","embeddable":true,"href":"https:\/\/staging.ivg.it\/ediapi\/wp\/v2\/categories?post=42718"},{"taxonomy":"post_tag","embeddable":true,"href":"https:\/\/staging.ivg.it\/ediapi\/wp\/v2\/tags?post=42718"}],"curies":[{"name":"wp","href":"https:\/\/api.w.org\/{rel}","templated":true}]}}