{"id":427050,"date":"2017-12-21T08:59:52","date_gmt":"2017-12-21T07:59:52","guid":{"rendered":"http:\/\/www.ivg.it\/?p=427050"},"modified":"2017-12-19T10:16:02","modified_gmt":"2017-12-19T09:16:02","slug":"cento-cantori-sabato-23-valleggia-concerto-natale","status":"publish","type":"post","link":"https:\/\/staging.ivg.it\/2017\/12\/cento-cantori-sabato-23-valleggia-concerto-natale\/","title":{"rendered":"Cento cantori sabato 23 a Valleggia per il &#8220;Concerto di Natale&#8221;"},"content":{"rendered":"<p><strong>Quiliano.<\/strong> Due serate di musica, di preghiera, e di autentico spirito natalizio. Sono quelle che proporr\u00e0 il coro Polifonico di Valleggia, una fra pi\u00f9 prestigiose realt\u00e0 vocali della diocesi con i suoi sessantaquattro anni di storia ricchi di trasferte e rassegne, in Italia e in numerosi paesi europei.<\/p>\n<p>Come da tradizione, l&#8217;appuntamento pi\u00f9 importante sar\u00e0 il &#8220;Concerto di Natale&#8221; di mercoled\u00ec 23 dicembre alle 21 nella chiesa del santissimo Salvatore a Valleggia assieme al coro &#8220;Voci bianche&#8221;. L&#8217;evento, promosso dalla parrocchia guidata da don Silvester Soosai, rientra nelle manifestazioni natalizie del Comune di Quiliano.<\/p>\n<p>Come sempre la serata sar\u00e0 declinata come preghiera in musica, in occasione della nascita di Ges\u00f9, e sar\u00e0 l&#8217;occasione per vedere i due gruppi vocali, diretti da Marco Siri, alternarsi nell&#8217;esecuzione di melodie polifoniche e brani natalizi provenienti da diversi paesi dell&#8217;Europa e del Mondo. Quasi cento i cantori protagonisti della serata, di diverse generazioni dai sei agli ottant&#8217;anni.<\/p>\n<p>Novit\u00e0 di quest&#8217;anno \u00e8 invece il concerto che vedr\u00e0 il Polifonico di Valleggia protagonista marted\u00ec 26 dicembre alle 21 nella splendida basilica di san Biagio a Finalborgo. Il coro sar\u00e0 infatti ospite del parroco don Gianluigi Caneto e dei cantori amici del &#8220;San Biagio&#8221; diretti da Fiorenza Ricca che con questo concerto concludono i festeggiamenti per il proprio trentesimo anniversario di fondazione.<\/p>\n","protected":false},"excerpt":{"rendered":"<p>Marted\u00ec 26 dicembre il Coro Polifonico si esibir\u00e0 nella basilica di San Biagio a Finalborgo <\/p>\n","protected":false},"author":10593,"featured_media":0,"comment_status":"open","ping_status":"closed","sticky":false,"template":"","format":"standard","meta":{"footnotes":""},"categories":[56],"tags":[64531],"class_list":["post-427050","post","type-post","status-publish","format-standard","hentry","category-altre","tag-coro-polifonico-valleggia","post_cat_citta-finale-ligure","post_cat_citta-quiliano","post_cat_citta-valleggia"],"amp_validity":null,"amp_enabled":true,"_links":{"self":[{"href":"https:\/\/staging.ivg.it\/ediapi\/wp\/v2\/posts\/427050","targetHints":{"allow":["GET"]}}],"collection":[{"href":"https:\/\/staging.ivg.it\/ediapi\/wp\/v2\/posts"}],"about":[{"href":"https:\/\/staging.ivg.it\/ediapi\/wp\/v2\/types\/post"}],"author":[{"embeddable":true,"href":"https:\/\/staging.ivg.it\/ediapi\/wp\/v2\/users\/10593"}],"replies":[{"embeddable":true,"href":"https:\/\/staging.ivg.it\/ediapi\/wp\/v2\/comments?post=427050"}],"version-history":[{"count":0,"href":"https:\/\/staging.ivg.it\/ediapi\/wp\/v2\/posts\/427050\/revisions"}],"wp:attachment":[{"href":"https:\/\/staging.ivg.it\/ediapi\/wp\/v2\/media?parent=427050"}],"wp:term":[{"taxonomy":"category","embeddable":true,"href":"https:\/\/staging.ivg.it\/ediapi\/wp\/v2\/categories?post=427050"},{"taxonomy":"post_tag","embeddable":true,"href":"https:\/\/staging.ivg.it\/ediapi\/wp\/v2\/tags?post=427050"}],"curies":[{"name":"wp","href":"https:\/\/api.w.org\/{rel}","templated":true}]}}