{"id":42638,"date":"2008-12-02T08:50:57","date_gmt":"2008-12-02T07:50:57","guid":{"rendered":"http:\/\/www.ivg.it\/?p=42638"},"modified":"2008-12-02T17:02:10","modified_gmt":"2008-12-02T16:02:10","slug":"crisi-economica-sciopero-cgil-la-disamina-di-francesco-rossello","status":"publish","type":"post","link":"https:\/\/staging.ivg.it\/2008\/12\/crisi-economica-sciopero-cgil-la-disamina-di-francesco-rossello\/","title":{"rendered":"Crisi economica, sciopero Cgil: la disamina di Francesco Rossello"},"content":{"rendered":"<p><strong>[thumb:2738:l]Savona<\/strong>. Crisi economica, sciopero Cgil: la disamina di Francesco Rossello<br \/>\nSavona. Il 12 dicembre, in occasione dello sciopero generale, la Cgil organizzer\u00e0 una manifestazione provinciale a Savona con corteo che partir\u00e0 da piazza Sisto IV e si svilupper\u00e0 per le vie cittadine per concludersi nuovamente in piazza Sisto, dove si terr\u00e0 il comizio conclusivo. Nell&#8217;industria lo sciopero sar\u00e0 di otto ore, mentre nel pubblico impiego sar\u00e0 per l&#8217;intera giornata. L&#8217;iniziativa di protesta intende opporsi alle misure anticrisi proposte dal governo, un piano di interventi che il sindacato percepisce come insufficiente ad imprimere le esigenze di svolta economico-sociale.<\/p>\n<p>&#8220;A Savona gli effetti della crisi sono gi\u00e0 tangibili &#8211; sottolinea il segretario della Cgil Savona, Francesco Rossello &#8211; Al 31 ottobre del 2008, le richieste di ore di cassa integrazione sono aumentate del 12,5% rispetto allo stesso periodo del 2007 con il settore edilizio che attraversa un momento di particolare difficolt\u00e0. Secondo gli accordi firmati dalle organizzazioni sindacali, nel periodo natalizio ci saranno fino ad un massimo di 1200 lavoratori in cassa integrazione. Il timore \u00e8 che questa cifra possa essere il punto di partenza rispetto ad una crisi che potrebbe sviluppare nel 2009 i suoi effetti pi\u00f9 acuti. Nel settore industriale, all&#8217;irrisolta vertenza Ferrania si aggiunge la crisi dell&#8217;indotto auto che registra circa 500 lavoratori in cassa. Nei prossimi mesi, la crisi dei consumi potrebbe avere ripercussioni su tutta l&#8217;industria manifatturiera&#8221;.<\/p>\n<p>I primi a soffrire sono i lavoratori con minori tutele, a partire dai precari fino ad arrivare ai dipendenti delle piccole imprese. Met\u00e0 dei lavoratori precari liguri, 30 mila su 60 mila, rischia di restare a casa e senza alcun ammortizzatore sociale a causa della crisi economica. &#8220;Nel periodo natalizio &#8211; osserva Rossello &#8211; abbiamo calcolato che nella grande distribuzione potrebbe esserci una riduzione di assunzioni di lavoratori stagionali pari al 20% rispetto all&#8217;anno prima. La Cgil ha visto aumentare del 23% le richieste di compilazione di domande di disoccupazione. Se fino ad oggi, l&#8217;obiettivo di un lavoratore precario era di diventare stabile, domani la sua ambizione sar\u00e0 quella di continuare ad essere precario e non diventare disoccupato&#8221;.<\/p>\n<p>La Cgil, per bocca del segretario generale Guglielmo Epifani, aveva chiesto che di fronte ad una crisi straordinaria si assumessero provvedimenti straordinari. &#8220;Avevamo chiesto l&#8217;apertura di un tavolo di crisi e avevamo chiesto una manovra da 23 miliardi di lire in 2 anni &#8211; dice il segretario provinciale Rossello &#8211; Il governo ha risposto con una manovra da 6 miliardi ed una serie di provvedimenti pi\u00f9 utili alla propaganda che al sostegno delle famiglie. In provincia di Savona, gli aventi diritto alla social card saranno il 3,5% rispetto al numero totale dei pensionati. Anche l&#8217;una tantum servir\u00e0 a poche famiglie indigenti, ma molti lavoratori e molte famiglie che gi\u00e0 stanno venendo a chiedere informazioni ai nostri sportelli rimarranno delusi, perch\u00e9 scopriranno di non averne diritto&#8221;.<\/p>\n<p>Il fatto che il Comune di Savona abbia deciso di convocare un tavolo di crisi viene percepito positivamente dalla Cgil. Per Rossello si tratta di &#8220;una buona proposta che deve essere replicata anche da altri Comuni, perch\u00e9 abbiamo bisogno di strumenti certi per monitorare gli effetti della crisi e abbiamo bisogno di interventi immediati&#8221;. &#8220;Ma &#8211; conclude il segretario provinciale della Cgil &#8211; \u00e8 al governo centrale che lavoratrici e lavoratori chiederanno risposte scioperando il 12 dicembre e partecipando alla manifestazione a Savona&#8221;.<\/p>\n","protected":false},"excerpt":{"rendered":"<p>[thumb:2738:l]Savona. Crisi economica, sciopero Cgil: la disamina di Francesco Rossello Savona. Il 12 dicembre, in occasione dello sciopero generale, la Cgil organizzer\u00e0 una manifestazione provinciale a Savona con corteo che partir\u00e0 da piazza Sisto IV e si svilupper\u00e0 per le vie cittadine per concludersi nuovamente in piazza Sisto, dove si terr\u00e0 il comizio conclusivo. Nell&#8217;industria [&hellip;]<\/p>\n","protected":false},"author":5,"featured_media":0,"comment_status":"open","ping_status":"closed","sticky":false,"template":"","format":"standard","meta":{"footnotes":""},"categories":[35],"tags":[507,595,85837,4574,509,2152],"class_list":["post-42638","post","type-post","status-publish","format-standard","hentry","category-economia","tag-cgil","tag-crisi","tag-economia","tag-francesco-rossello","tag-lavoro","tag-sciopero","post_cat_citta-andora","post_cat_citta-savona"],"amp_validity":null,"amp_enabled":true,"_links":{"self":[{"href":"https:\/\/staging.ivg.it\/ediapi\/wp\/v2\/posts\/42638","targetHints":{"allow":["GET"]}}],"collection":[{"href":"https:\/\/staging.ivg.it\/ediapi\/wp\/v2\/posts"}],"about":[{"href":"https:\/\/staging.ivg.it\/ediapi\/wp\/v2\/types\/post"}],"author":[{"embeddable":true,"href":"https:\/\/staging.ivg.it\/ediapi\/wp\/v2\/users\/5"}],"replies":[{"embeddable":true,"href":"https:\/\/staging.ivg.it\/ediapi\/wp\/v2\/comments?post=42638"}],"version-history":[{"count":0,"href":"https:\/\/staging.ivg.it\/ediapi\/wp\/v2\/posts\/42638\/revisions"}],"wp:attachment":[{"href":"https:\/\/staging.ivg.it\/ediapi\/wp\/v2\/media?parent=42638"}],"wp:term":[{"taxonomy":"category","embeddable":true,"href":"https:\/\/staging.ivg.it\/ediapi\/wp\/v2\/categories?post=42638"},{"taxonomy":"post_tag","embeddable":true,"href":"https:\/\/staging.ivg.it\/ediapi\/wp\/v2\/tags?post=42638"}],"curies":[{"name":"wp","href":"https:\/\/api.w.org\/{rel}","templated":true}]}}