{"id":426051,"date":"2017-12-07T12:44:17","date_gmt":"2017-12-07T11:44:17","guid":{"rendered":"http:\/\/www.ivg.it\/?p=426051"},"modified":"2017-12-07T12:54:43","modified_gmt":"2017-12-07T11:54:43","slug":"andora-proclamata-comune-europeo-dello-sport-2018","status":"publish","type":"post","link":"https:\/\/staging.ivg.it\/2017\/12\/andora-proclamata-comune-europeo-dello-sport-2018\/","title":{"rendered":"Andora proclamata Comune Europeo dello Sport 2018"},"content":{"rendered":"<p><strong>Andora.<\/strong> &#8220;Venite ad Andora, scoprirete una splendida localit\u00e0 di mare dove \u00e9 possibile praticare sport 365 giorni l&#8217;anno. Questo premio \u00e8 dedicato al grande lavoro svolto dalle associazioni andoresi&#8221;.<\/p>\n<p>L&#8217;anno di Andora &#8216;Comune Europeo dello sport 2018&#8243; \u00e8 iniziato ufficialmente ieri sera a Bruxelles nella sede del Parlamento Europeo dove il sindaco Mauro Demichelis e il vicesindaco Paolo Rossi hanno presentato Andora alla platea dei comuni e citt\u00e0 europee, riuniti per la cerimonia ufficiale di consegna delle bandiere di Aces Europa.<\/p>\n<p>&#8220;Siamo onorati di essere associati a citt\u00e0 importanti come\u00a0 Marsiglia o Sofia. Questo riconoscimento premia il presente di Andora, fatto dalla passione, dal talento delle nostre associazioni &#8211; ha dichiarato il Vice Sindaco e l&#8217;Assessore allo sport Paolo Rossi &#8211; Oggi \u00e8 una giornata storica per il nostro Comune e non possiamo che gioire ringraziando tutti coloro che hanno collaborato per raggiungere questo risultato&#8221;.<\/p>\n<p>Il riconoscimento \u00e8 in piena sintonia con i numerosi interventi attuati per riqualificare alcune strutture sportive.<\/p>\n<p>&#8220;Sar\u00e0 un anno di valorizzazione del lavoro delle Associazioni e di interventi concreti, dove proseguir\u00e0 la riqualificazione degli impianti sportivi. Il 2018 vedr\u00e0\u00a0 il nuovo campo da calcio in erba sintetica, la riapertura del tennis club comunale e la realizzazione della nuova palestra delle scuole di Via Cavour, che sar\u00e0 messa a norma secondo i criteri del Coni grazie ai fondi ottenuti dal Credito Soprtivo a interessi zero.<\/p>\n<p>La Bandiera di Comune europeo dello Sport \u00e8 stata consegnata dal Presidente di Aces Europa Gianfranco Lupatelli alla delegazione andorese, ospitata al Parlamento Europeo dall&#8217;europarlamentare Alberto Cirio, che ha avuto parole di grande apprezzamento per le attrattive turistiche e per l&#8217;impegno della comunita&#8217; andorese nell&#8217;ambito dello sport&#8221;.<\/p>\n<p>\u00abSono particolarmente felice di questo riconoscimento &#8211; sottolinea l&#8217;eurodeputato Alberto Cirio, vice presidente dell&#8217;Aces Europe &#8211; Andora \u00e8 una delle location italiane pi\u00f9 amate per gli sport acquatici e all&#8217;aria aperta ed \u00e8 importante che questa vocazione sia stata riconosciuta anche dall&#8217;Unione europea. Lo sport \u00e8 uno strumento straordinario per condividere valori comuni, migliorare la qualit\u00e0 della vita, ma anche per promuovere la bellezza delle nostre terre e le loro eccellenze enogastronomiche. Penso, ad esempio, al basilico e all&#8217;olio prodotti della piana e dell&#8217;entroterra di Andora. Le bandiere dell&#8217;Aces sono un modo per valorizzare l&#8217;impegno dei territori che hanno creduto e investito su tutto questo. L&#8217;obiettivo da raggiungere, per\u00f2, \u00e8 che il riconoscimento non sia solo formale e coloro che fanno parte di questo circuito d&#8217;eccellenza abbiano anche un punteggio maggiore nei bandi previsti dall&#8217;Unione europea\u00bb.<\/p>\n<p>In serata si \u00e8 tenuto anche un incontro istituzionale presso l&#8217;Ambasciata d&#8217;Italia in Belgio, dove il sindaco Demichelis ha potuto presentare all&#8217;ambasciatrice Elena Basile e agli intervenuti le eccellenze economiche ed agricole, proseguendo l&#8217;azione di promozione di Andora a livello internazionale gi\u00e0 avviata con la Norvegia, la Repubblica di Corea,la Francia e Monte Carlo.<\/p>\n","protected":false},"excerpt":{"rendered":"<p>Il sindaco Demichelis: &#8220;Sar\u00e0 un anno di interventi concreti: nuova palestra per le scuole, un nuovo campo in erba sintetica e riapertura del tennis club&#8221;<\/p>\n","protected":false},"author":18599,"featured_media":0,"comment_status":"open","ping_status":"closed","sticky":false,"template":"","format":"standard","meta":{"footnotes":""},"categories":[45296,32],"tags":[98147,1194],"class_list":["post-426051","post","type-post","status-publish","format-standard","hentry","category-copertina","category-sport","tag-andora-comune-europeo-dello-sport","tag-bruxelles","post_cat_citta-andora","post_tag_personaggi-alberto-cirio","post_tag_personaggi-mauro-demichelis","post_tag_personaggi-paolo-rossi"],"amp_validity":null,"amp_enabled":true,"_links":{"self":[{"href":"https:\/\/staging.ivg.it\/ediapi\/wp\/v2\/posts\/426051","targetHints":{"allow":["GET"]}}],"collection":[{"href":"https:\/\/staging.ivg.it\/ediapi\/wp\/v2\/posts"}],"about":[{"href":"https:\/\/staging.ivg.it\/ediapi\/wp\/v2\/types\/post"}],"author":[{"embeddable":true,"href":"https:\/\/staging.ivg.it\/ediapi\/wp\/v2\/users\/18599"}],"replies":[{"embeddable":true,"href":"https:\/\/staging.ivg.it\/ediapi\/wp\/v2\/comments?post=426051"}],"version-history":[{"count":0,"href":"https:\/\/staging.ivg.it\/ediapi\/wp\/v2\/posts\/426051\/revisions"}],"wp:attachment":[{"href":"https:\/\/staging.ivg.it\/ediapi\/wp\/v2\/media?parent=426051"}],"wp:term":[{"taxonomy":"category","embeddable":true,"href":"https:\/\/staging.ivg.it\/ediapi\/wp\/v2\/categories?post=426051"},{"taxonomy":"post_tag","embeddable":true,"href":"https:\/\/staging.ivg.it\/ediapi\/wp\/v2\/tags?post=426051"}],"curies":[{"name":"wp","href":"https:\/\/api.w.org\/{rel}","templated":true}]}}