{"id":425914,"date":"2017-12-06T08:35:53","date_gmt":"2017-12-06T07:35:53","guid":{"rendered":"http:\/\/www.ivg.it\/?p=425914"},"modified":"2017-12-06T08:35:53","modified_gmt":"2017-12-06T07:35:53","slug":"savona-sciopero-freddo-davanti-al-liceo-scientifico","status":"publish","type":"post","link":"https:\/\/staging.ivg.it\/2017\/12\/savona-sciopero-freddo-davanti-al-liceo-scientifico\/","title":{"rendered":"Savona, sciopero contro il freddo davanti al Liceo Scientifico"},"content":{"rendered":"<p><strong>Savona.<\/strong> Ancora uno sciopero contro il freddo in classe. Questa volta \u00e8 toccato ad alcuni studenti del Liceo Scientifico &#8220;Orazio Grassi&#8221; di Savona: un gruppo di ragazzi \u00e8 rimasto all&#8217;esterno della struttura, rifiutandosi di entrare e dando vita ad una manifestazione di protesta.<\/p>\n<p>Uno sciopero dapprima poco organizzato che, con l&#8217;andare dei minuti, si \u00e8 trasformato in una protesta pi\u00f9 &#8220;strutturata&#8221; messa in atto da un&#8217;ottantina circa di studenti. Non si tratta per\u00f2 di un &#8220;blocco&#8221;: i compagni che desideravano entrare regolarmente per seguire le lezioni sono stati lasciati liberi di farlo.<div class=\"single-img-content-container fullwidth-single shortcode standard\">\n    <div class=\"image_container\" style=\"text-align: center;\">\n        <picture class=\" lazyload\"><img loading=\"lazy\" class=\"lazy\" data-srcset=\"https:\/\/www.ivg.it\/photogallery_new\/images\/2017\/12\/sciopero-liceo-scientifico-434628.jpg 1024w, https:\/\/www.ivg.it\/photogallery_new\/images\/2017\/12\/sciopero-liceo-scientifico-434628.jpg 970w, https:\/\/www.ivg.it\/photogallery_new\/images\/2017\/12\/sciopero-liceo-scientifico-434628.jpg 660w, https:\/\/www.ivg.it\/photogallery_new\/images\/2017\/12\/sciopero-liceo-scientifico-434628.jpg 316w, https:\/\/www.ivg.it\/photogallery_new\/images\/2017\/12\/sciopero-liceo-scientifico-434628.jpg 150w\"  data-src=\"https:\/\/www.ivg.it\/photogallery_new\/images\/2017\/12\/sciopero-liceo-scientifico-434628.jpg\" alt=\"sciopero liceo scientifico\" \/><\/picture>\r\n\n    <\/div>\n    <\/div>\n<\/p>\n<p>Dalla scuola arrivano versioni contrastanti. &#8220;Non ci risulta alcuno sciopero, i ragazzi alla fine hanno deciso di entrare&#8221; \u00e8 il commento di una docente, mentre secondo alcuni studenti che hanno deciso di non aderire &#8220;luned\u00ec e ieri faceva freddo, ma oggi in classe si sta bene&#8221;. In realt\u00e0 un certo numero di ragazzi che all&#8217;inizio aderiva alla protesta alla fine \u00e8 entrato in classe, ma altri sono rimasti fuori\u00a0e nel momento in cui scriviamo la protesta \u00e8 ancora in corso.<\/p>\n","protected":false},"excerpt":{"rendered":"<p>Ancora una protesta a causa delle temperature rigide in classe. Dalla scuola, per\u00f2, arrivano versioni contrastanti<\/p>\n","protected":false},"author":10593,"featured_media":0,"comment_status":"open","ping_status":"closed","sticky":false,"template":"","format":"standard","meta":{"footnotes":""},"categories":[34],"tags":[62336,5696],"class_list":["post-425914","post","type-post","status-publish","format-standard","hentry","category-cronaca","tag-aule-fredde","tag-liceo-scientifico","post_cat_citta-savona"],"amp_validity":null,"amp_enabled":true,"_links":{"self":[{"href":"https:\/\/staging.ivg.it\/ediapi\/wp\/v2\/posts\/425914","targetHints":{"allow":["GET"]}}],"collection":[{"href":"https:\/\/staging.ivg.it\/ediapi\/wp\/v2\/posts"}],"about":[{"href":"https:\/\/staging.ivg.it\/ediapi\/wp\/v2\/types\/post"}],"author":[{"embeddable":true,"href":"https:\/\/staging.ivg.it\/ediapi\/wp\/v2\/users\/10593"}],"replies":[{"embeddable":true,"href":"https:\/\/staging.ivg.it\/ediapi\/wp\/v2\/comments?post=425914"}],"version-history":[{"count":0,"href":"https:\/\/staging.ivg.it\/ediapi\/wp\/v2\/posts\/425914\/revisions"}],"wp:attachment":[{"href":"https:\/\/staging.ivg.it\/ediapi\/wp\/v2\/media?parent=425914"}],"wp:term":[{"taxonomy":"category","embeddable":true,"href":"https:\/\/staging.ivg.it\/ediapi\/wp\/v2\/categories?post=425914"},{"taxonomy":"post_tag","embeddable":true,"href":"https:\/\/staging.ivg.it\/ediapi\/wp\/v2\/tags?post=425914"}],"curies":[{"name":"wp","href":"https:\/\/api.w.org\/{rel}","templated":true}]}}