{"id":425626,"date":"2017-12-01T20:22:49","date_gmt":"2017-12-01T19:22:49","guid":{"rendered":"http:\/\/www.ivg.it\/?p=425626"},"modified":"2017-12-01T20:42:30","modified_gmt":"2017-12-01T19:42:30","slug":"mario-ferrieri-presidente-del-quiliano-valleggia","status":"publish","type":"post","link":"https:\/\/staging.ivg.it\/2017\/12\/mario-ferrieri-presidente-del-quiliano-valleggia\/","title":{"rendered":"Mario Ferrieri \u00e8 il nuovo presidente del Quiliano &amp; Valleggia"},"content":{"rendered":"<p><strong>Quiliano<\/strong>. <strong>Mario Ferrieri, ex edirettore sportivo e dirigente dell&#8217;ex societ\u00e0 biancorossa, \u00e8 stato nominato, nei giorni scorsi, presidente del Quiliano &amp; Valleggia, societ\u00e0 nata dalla fusione tra la Polisportiva Quiliano e il Valleggia Calcio.<\/strong><\/p>\n<p>Possiamo dire che il calcio a <strong>Quiliano<\/strong> \u00e8 tornato, finalmente, in mano ai quilianesi?<\/p>\n<p>&#8220;Senza ombra di dubbio &#8211; attacca Ferrieri &#8211; <strong>sono molto felice di questo incarico<\/strong>, che il consiglio direttivo della societ\u00e0 mi ha affidato; <strong>il lavoro da fare sar\u00e0 tanto,<\/strong> trattandosi di una neonata societ\u00e0, ma con l&#8217;aiuto di tutti i consiglieri, <strong>sono certo che riusciremo a far tornare i nostri tifosi a gremire gli spalti del Picasso&#8221;.<\/strong><\/p>\n<p>Da chi \u00e8 composta la dirigenza?<\/p>\n<p><strong>&#8220;I vice presidenti sono due, Ennio Scappatura e Mirko Miino, con quest&#8217;ultimo ricopre anche la carica di direttore sportivo, mentre Michele Salinas, Marco Ferraro, Mario Melogno ed Ettore Pozzi sono i consiglieri&#8221;.<\/strong><\/p>\n<p>Come sta andando la squadra, impegnata nel campionato di <strong>Prima Categoria?<\/strong><\/p>\n<p><strong>&#8220;La squadra, ad eccezione di Lupi, Vallarino e Grippo, \u00e8 formata da tanti giovani,<\/strong> che stanno disputando un campionato dignitoso. Al momento siamo undicesimi in classifica, con dodici punti all&#8217;attivo, frutto di quattro vittorie e sette sconfitte, ma <strong>siamo certi che risaliremo la china, raggiungendo posizioni pi\u00f9 tranquille&#8221;.<\/strong><\/p>\n<p><strong>Enrico Ferraro,<\/strong> ex bandiera del Quiliano \u00e8 il mister\u2026<\/p>\n<p>&#8220;Chicco, <strong>ha coronato il sogno di allenare la squadra in cui ha giocato una vita<\/strong> e noi siamo soddisfatti del suo operato&#8221;.<\/p>\n<p>Aveva ragione il grande <strong>Giorgio Gabe<\/strong>r, quando affermava che \u201cl&#8217;appartenenza non \u00e8 lo sforzo di un civile stare insieme, non \u00e8 il conforto di un normale voler bene, <strong>l&#8217;appartenenza \u00e8 avere gli altri dentro di s\u00e9&#8230;<\/strong><\/p>\n","protected":false},"excerpt":{"rendered":"<p>La neo societ\u00e0 ha, come vice presidenti, Ennio Scappatura e Mirko Miino, mentre Michele Salinas, Marco Ferraro, Mario Melogno ed Ettore Pozzi sono i consiglieri&#8221;.<\/p>\n","protected":false},"author":11482,"featured_media":0,"comment_status":"open","ping_status":"closed","sticky":false,"template":"","format":"standard","meta":{"footnotes":""},"categories":[45296,182,32],"tags":[96017],"class_list":["post-425626","post","type-post","status-publish","format-standard","hentry","category-copertina","category-calcio","category-sport","tag-quiliano-valleggia","post_cat_citta-quiliano","post_tag_personaggi-mario-ferrieri"],"amp_validity":null,"amp_enabled":true,"_links":{"self":[{"href":"https:\/\/staging.ivg.it\/ediapi\/wp\/v2\/posts\/425626","targetHints":{"allow":["GET"]}}],"collection":[{"href":"https:\/\/staging.ivg.it\/ediapi\/wp\/v2\/posts"}],"about":[{"href":"https:\/\/staging.ivg.it\/ediapi\/wp\/v2\/types\/post"}],"author":[{"embeddable":true,"href":"https:\/\/staging.ivg.it\/ediapi\/wp\/v2\/users\/11482"}],"replies":[{"embeddable":true,"href":"https:\/\/staging.ivg.it\/ediapi\/wp\/v2\/comments?post=425626"}],"version-history":[{"count":0,"href":"https:\/\/staging.ivg.it\/ediapi\/wp\/v2\/posts\/425626\/revisions"}],"wp:attachment":[{"href":"https:\/\/staging.ivg.it\/ediapi\/wp\/v2\/media?parent=425626"}],"wp:term":[{"taxonomy":"category","embeddable":true,"href":"https:\/\/staging.ivg.it\/ediapi\/wp\/v2\/categories?post=425626"},{"taxonomy":"post_tag","embeddable":true,"href":"https:\/\/staging.ivg.it\/ediapi\/wp\/v2\/tags?post=425626"}],"curies":[{"name":"wp","href":"https:\/\/api.w.org\/{rel}","templated":true}]}}