{"id":425603,"date":"2017-12-01T17:01:02","date_gmt":"2017-12-01T16:01:02","guid":{"rendered":"http:\/\/www.ivg.it\/?p=425603"},"modified":"2017-12-01T17:01:02","modified_gmt":"2017-12-01T16:01:02","slug":"savona-al-via-gli-accertamenti-levasione-montaldo-tributi-dovuti-3-4-milioni-euro","status":"publish","type":"post","link":"https:\/\/staging.ivg.it\/2017\/12\/savona-al-via-gli-accertamenti-levasione-montaldo-tributi-dovuti-3-4-milioni-euro\/","title":{"rendered":"Savona, al via gli accertamenti contro l&#8217;evasione. Montaldo: &#8220;Tributi dovuti per 3-4 milioni di euro&#8221;"},"content":{"rendered":"<p><strong>Savona<\/strong>. L&#8217;amministrazione comunale di Savona intensifica il contrasto dell&#8217;evasione fiscale. A darne l&#8217;annuncio \u00e8 Silvano Montaldo, assessore al bilancio e ai tributi della citt\u00e0 della Torretta: &#8220;Come gi\u00e0 affermato da tempo, il Comune di Savona ha messo mano alla problematica dell&#8217;evasione tributaria e alla riscossione dei crediti, da tempo giacenti \u2013 dichiara \u2013 La lotta all&#8217;evasione non deve essere intesa quale nuovo aggravio nelle tasse del cittadino, ma la volont\u00e0 di riscuotere i tributi dovuti da tutti coloro che non lo hanno pagato e lo hanno pagato in maniera inferiore o errato&#8221;.<\/p>\n<p>Finalit\u00e0 dell&#8217;iniziativa, raggiungere una maggiore equit\u00e0, nel rispetto delle norme, per ottenere una conseguente riduzione delle tasse. &#8220;Maggiore sar\u00e0 il risultato da questa attivit\u00e0, maggiore la sar\u00e0 la possibilit\u00e0 di diminuire la pressione fiscale di chi oggi, correttamente sta pagando&#8221;, aggiunge ancora Montaldo.<\/p>\n<p>In questi giorni saranno notificati a mezzo raccomandata i primi atti impositivi che vedranno recapitati circa 400 accertamenti in materia di Imu, 4000 accertamenti per la Tari e circa 300 ingiunzioni di pagamento, che potrebbero portare al Comune di Savona 3-4 milioni di euro.<\/p>\n<p>&#8220;Questa \u00e8 solo la prima fase di una serie di attivit\u00e0 che dovranno concludersi nelle prossime annualit\u00e0 \u2013 precisa l&#8217;assessore \u2013 Per evitare spiacevoli speculazioni, la finalit\u00e0 di questa comunicazione \u00e8 volta ad avvertire i cittadini affinch\u00e9 sappiano che le notifiche avverranno solo ed esclusivamente a mezzo raccomandata e con l&#8217;indicazione dell&#8217;incaricato dal Comune di Savona &#8216;Andreani Tributi &#8211; ICA&#8217;, pertanto occorre diffidare di persone che con banali scuse si presentino a casa. Nessun altro \u00e8 stato autorizzato a fare accertamenti i riscuotere per conto del Comune di Savona&#8221;.<\/p>\n<p>Ulteriore avvertimento \u00e8 sul metodo di pagamento, che dovr\u00e0 avvenire solo con il modello F24 o il conto corrente postale che sar\u00e0 allegato. Per ogni dubbio, contestazione o imprecisione gli sportelli del concessionario sono disponibili su appuntamento a Savona in piazza del Popolo, 2 (piano primo), dal luned\u00ec al venerd\u00ec dalle 9 alle 13e dalle 15 alle 18.<\/p>\n<p>Per appuntamenti e\/o informazioni telefonare c\/o Andreani Tributi srl al n. 800 911 541 (solo da telefono fisso) oppure al n. 019.9388044, dalle 9 alle 13 e dalle 15 al 18 dal luned\u00ec al venerd\u00ec.<\/p>\n<p>Altre modalit\u00e0 per la trasmissione delle istanze: Fax 019.9388045, mail: agenzia.savona@gruppoandreani.it oppure tramite pec:ufficioici@andreanitributi.legalmail.it (indicando nell&#8217;oggetto il comune di riferimento). .<\/p>\n","protected":false},"excerpt":{"rendered":"<p>Finalit\u00e0 dell&#8217;iniziativa, raggiungere una maggiore equit\u00e0, nel rispetto delle norme, per ottenere una conseguente riduzione delle tasse<\/p>\n","protected":false},"author":12120,"featured_media":0,"comment_status":"open","ping_status":"closed","sticky":false,"template":"","format":"standard","meta":{"footnotes":""},"categories":[45296,35,31],"tags":[11309,8402],"class_list":["post-425603","post","type-post","status-publish","format-standard","hentry","category-copertina","category-economia","category-politica","tag-comune-di-savona","tag-evasione-fiscale","post_cat_citta-savona","post_tag_personaggi-silvano-montaldo"],"amp_validity":null,"amp_enabled":true,"_links":{"self":[{"href":"https:\/\/staging.ivg.it\/ediapi\/wp\/v2\/posts\/425603","targetHints":{"allow":["GET"]}}],"collection":[{"href":"https:\/\/staging.ivg.it\/ediapi\/wp\/v2\/posts"}],"about":[{"href":"https:\/\/staging.ivg.it\/ediapi\/wp\/v2\/types\/post"}],"author":[{"embeddable":true,"href":"https:\/\/staging.ivg.it\/ediapi\/wp\/v2\/users\/12120"}],"replies":[{"embeddable":true,"href":"https:\/\/staging.ivg.it\/ediapi\/wp\/v2\/comments?post=425603"}],"version-history":[{"count":0,"href":"https:\/\/staging.ivg.it\/ediapi\/wp\/v2\/posts\/425603\/revisions"}],"wp:attachment":[{"href":"https:\/\/staging.ivg.it\/ediapi\/wp\/v2\/media?parent=425603"}],"wp:term":[{"taxonomy":"category","embeddable":true,"href":"https:\/\/staging.ivg.it\/ediapi\/wp\/v2\/categories?post=425603"},{"taxonomy":"post_tag","embeddable":true,"href":"https:\/\/staging.ivg.it\/ediapi\/wp\/v2\/tags?post=425603"}],"curies":[{"name":"wp","href":"https:\/\/api.w.org\/{rel}","templated":true}]}}