{"id":424658,"date":"2017-11-21T16:12:03","date_gmt":"2017-11-21T15:12:03","guid":{"rendered":"http:\/\/www.ivg.it\/?p=424658"},"modified":"2017-11-21T16:12:03","modified_gmt":"2017-11-21T15:12:03","slug":"prosegue-lallestimento-del-presepe-riva-al-mare-assonautica-savona","status":"publish","type":"post","link":"https:\/\/staging.ivg.it\/2017\/11\/prosegue-lallestimento-del-presepe-riva-al-mare-assonautica-savona\/","title":{"rendered":"Prosegue l&#8217;allestimento del &#8220;presepe in riva al mare&#8221; di Assonautica Savona"},"content":{"rendered":"<p><strong>Savona<\/strong>. Sta proseguendo alacremente l&#8217;allestimento del presepe in Assonautica iniziato a settembre.<\/p>\n<p>\u201cQuest&#8217;anno sar\u00e0 davvero sorprendente \u2013 spiegano dall&#8217;associazione \u2013 molto pi\u00f9 esteso di quello dello scorso anno e molto &#8216;savonese&#8217;. Sar\u00e0 un &#8216;presepe in riva al mare&#8217; ma avr\u00e0 anche deserto, fiumi, laghi, colline e montagne innevate. Avr\u00e0 i cammelli ma anche i gozzi liguri e, soprattutto, non mancher\u00e0 la bellissima atmosfera natalizia. Cerchiamo di pubblicizzarlo al massimo, per fare in modo che vengano a visitarlo in molti. Chi desidera esporre nel proprio esercizio la locandina del presepe pu\u00f2 richiederla telefonando in segreteria al numero 019 821451\u201d.<\/p>\n<p>Ricordiamo anche il concorso di disegno &#8220;Insieme intorno al Presepe&#8221; dedicato ai bambini delle scuole primarie. Il regolamento \u00e8 stato inviato a tutti gli istituti comprensivi della provincia ed alle scuole primarie paritarie e prevede, per i bambini non legati alla tradizione del Natale, la possibilit\u00e0 di scegliere come titolo &#8220;La pi\u00f9 bella tradizione del mio Paese&#8221;. Le classi dei primi tre classificati saranno premiate con buoni acquisto per materiale didattico. I premi per i bambini saranno offerti dai soci di Assonautica e dagli sponsor.<\/p>\n<p>\u201cRingraziamo i nostri presepisti per l&#8217;impegno con cui portano avanti questo progetto, per l&#8217;inventiva e per la sorprendente capacit\u00e0 di rendere reale la fantasiosa idea di un &#8216;presepe in riva al mare&#8217;. Il presepe di Assonautica aprir\u00e0 al pubblico il 4 dicembre e rimarr\u00e0 aperto tutti i giorni fino al 15 gennaio 2018 con il seguente orario: dalle 9 alle 12 e dalle 15 alle 18 sul lungomare Matteotti\u201d.<\/p>\n","protected":false},"excerpt":{"rendered":"<p>Aprir\u00e0 al pubblico il 4 dicembre<\/p>\n","protected":false},"author":12120,"featured_media":0,"comment_status":"open","ping_status":"closed","sticky":false,"template":"","format":"standard","meta":{"footnotes":""},"categories":[45296,56],"tags":[6733,2305],"class_list":["post-424658","post","type-post","status-publish","format-standard","hentry","category-copertina","category-altre","tag-assonautica-savona","tag-presepe","post_cat_citta-savona"],"amp_validity":null,"amp_enabled":true,"_links":{"self":[{"href":"https:\/\/staging.ivg.it\/ediapi\/wp\/v2\/posts\/424658","targetHints":{"allow":["GET"]}}],"collection":[{"href":"https:\/\/staging.ivg.it\/ediapi\/wp\/v2\/posts"}],"about":[{"href":"https:\/\/staging.ivg.it\/ediapi\/wp\/v2\/types\/post"}],"author":[{"embeddable":true,"href":"https:\/\/staging.ivg.it\/ediapi\/wp\/v2\/users\/12120"}],"replies":[{"embeddable":true,"href":"https:\/\/staging.ivg.it\/ediapi\/wp\/v2\/comments?post=424658"}],"version-history":[{"count":0,"href":"https:\/\/staging.ivg.it\/ediapi\/wp\/v2\/posts\/424658\/revisions"}],"wp:attachment":[{"href":"https:\/\/staging.ivg.it\/ediapi\/wp\/v2\/media?parent=424658"}],"wp:term":[{"taxonomy":"category","embeddable":true,"href":"https:\/\/staging.ivg.it\/ediapi\/wp\/v2\/categories?post=424658"},{"taxonomy":"post_tag","embeddable":true,"href":"https:\/\/staging.ivg.it\/ediapi\/wp\/v2\/tags?post=424658"}],"curies":[{"name":"wp","href":"https:\/\/api.w.org\/{rel}","templated":true}]}}