{"id":424291,"date":"2017-11-16T14:47:48","date_gmt":"2017-11-16T13:47:48","guid":{"rendered":"http:\/\/www.ivg.it\/?p=424291"},"modified":"2017-11-16T14:47:48","modified_gmt":"2017-11-16T13:47:48","slug":"decorazione-floreale-al-via-un-corso-serale-pietra-ligure","status":"publish","type":"post","link":"https:\/\/staging.ivg.it\/2017\/11\/decorazione-floreale-al-via-un-corso-serale-pietra-ligure\/","title":{"rendered":"Decorazione floreale, al via un corso serale a Pietra Ligure"},"content":{"rendered":"<p><strong>Pietra Ligure<\/strong>. L&#8217;EDFA Savona\/Pietra Ligure (Ente Decorazione Floreale Amatori) organizza un corso serale a Pietra Ligure. Si terr\u00e0 al gioved\u00ec sera, dalle ore 20,30 alle 22,30. La prima lezione avr\u00e0 luogo gioved\u00ec 23 novembre.<\/p>\n<p>Il corso consta di quattordici lezioni dal 23 novembre 2017 al maggio 2018 (sempre di gioved\u00ec, con cadenza quindicinale).<\/p>\n<p>L&#8217;EDFA opera a Pietra Ligure dal 1992 ed ha introdotto alla raffinata arte floreale centinaia di persone. Gli allievi eseguiranno composizioni classiche, moderne, natalizie, pasquali, in stile antico, in materiale fresco o essiccato e anche fatte di soli ortaggi o sole foglie.<\/p>\n<p>Oltre alle lezioni previste, chi lo desidera avr\u00e0 accesso a conferenze, proiezioni, incontri culturali, visite guidate, feste e potr\u00e0 partecipare a mostre o concorsi.<\/p>\n<p>Per informazioni \u00e8 possibile scrivere a annaecarlaellebori@alice.it oppure telefonare allo 019616721 o al 3339797765 o ancora visitare il sito www.decorazioneflorealesavona.com.<\/p>\n","protected":false},"excerpt":{"rendered":"<p>Avr\u00e0 inizio il 23 novembre e terminer\u00e0 a maggio<\/p>\n","protected":false},"author":18,"featured_media":0,"comment_status":"open","ping_status":"closed","sticky":false,"template":"","format":"standard","meta":{"footnotes":""},"categories":[56],"tags":[45932,28005],"class_list":["post-424291","post","type-post","status-publish","format-standard","hentry","category-altre","tag-decorazione-floreale","tag-edfa","post_cat_citta-pietra-ligure"],"amp_validity":null,"amp_enabled":true,"_links":{"self":[{"href":"https:\/\/staging.ivg.it\/ediapi\/wp\/v2\/posts\/424291","targetHints":{"allow":["GET"]}}],"collection":[{"href":"https:\/\/staging.ivg.it\/ediapi\/wp\/v2\/posts"}],"about":[{"href":"https:\/\/staging.ivg.it\/ediapi\/wp\/v2\/types\/post"}],"author":[{"embeddable":true,"href":"https:\/\/staging.ivg.it\/ediapi\/wp\/v2\/users\/18"}],"replies":[{"embeddable":true,"href":"https:\/\/staging.ivg.it\/ediapi\/wp\/v2\/comments?post=424291"}],"version-history":[{"count":0,"href":"https:\/\/staging.ivg.it\/ediapi\/wp\/v2\/posts\/424291\/revisions"}],"wp:attachment":[{"href":"https:\/\/staging.ivg.it\/ediapi\/wp\/v2\/media?parent=424291"}],"wp:term":[{"taxonomy":"category","embeddable":true,"href":"https:\/\/staging.ivg.it\/ediapi\/wp\/v2\/categories?post=424291"},{"taxonomy":"post_tag","embeddable":true,"href":"https:\/\/staging.ivg.it\/ediapi\/wp\/v2\/tags?post=424291"}],"curies":[{"name":"wp","href":"https:\/\/api.w.org\/{rel}","templated":true}]}}