{"id":424290,"date":"2017-11-16T14:38:23","date_gmt":"2017-11-16T13:38:23","guid":{"rendered":"http:\/\/www.ivg.it\/?p=424290"},"modified":"2017-11-16T14:38:23","modified_gmt":"2017-11-16T13:38:23","slug":"gli-esami-ora-si-prenotano-farmacia-siglato-protocollo-operativo-asl-2-federfarma","status":"publish","type":"post","link":"https:\/\/staging.ivg.it\/2017\/11\/gli-esami-ora-si-prenotano-farmacia-siglato-protocollo-operativo-asl-2-federfarma\/","title":{"rendered":"Gli esami ora si prenotano in farmacia: siglato il protocollo operativo tra Asl 2 e Federfarma"},"content":{"rendered":"<p><strong>Provincia.<\/strong>\u00a0Un protocollo operativo per integrare le farmacie nel servizio Cup, permettendo cos\u00ec ai pazienti di prenotare gli esami direttamente in farmacia. E&#8217; stato presentato questa mattina negli uffici della Asl 2:\u00a0la convenzione disciplina appunto lo svolgimento, da parte delle farmacie pubbliche e private aderenti al progetto, del servizio di prenotazione di prestazioni specialistiche ambulatoriali e di riscossione e versamento ticket attraverso il sistema Cup-web.<\/p>\n<p>&#8220;Con la sigla del protocollo operativo &#8211; spiegano dalla Asl &#8211; si d\u00e0 avvio ad un rapporto non solo di tipo economico, ma di collaborazione per la miglior utilizzazione delle risorse finanziarie, tecniche e professionali&#8221;. Sar\u00e0 possibile la prenotazione di prestazioni specialistiche a favore dei cittadini residenti in Asl 2 e non residenti, ma temporaneamente domiciliati; esclusi invece i residenti non liguri in possesso di ricetta della loro regione, i titolari di un attestato Stp o Eni, i marittimi e tutti coloro che si presentano con ricetta bianca privata.<\/p>\n<p>Le prenotazioni Cup saranno effettuate nel corso del normale orario di apertura della farmacia, compatibilmente con il disimpegno del servizio farmaceutico. L\u2019effettuazione delle stesse potranno essere garantite entro gli orari di apertura del servizio Cup, dalle 9 alle 12 e dalle 15 alle 17 dal luned\u00ec al sabato. Il personale della farmacia effettuer\u00e0 la prenotazione della prestazione specialistica con le stesse modalit\u00e0 di uno sportello fisico Cup aziendale, riscuotendo eventualmente il ticket in nome e per conto di Asl.<\/p>\n<p>Per espletare il servizio l\u2019Asl fornisce alle farmacie la modalit\u00e0 di accesso al Servizio Cup tramite collegamento internet, cos\u00ec come avviene per lo sportello fisico. Tale modalit\u00e0, che facilita sensibilmente tutte le operazioni previste, viene offerta inizialmente in forma sperimentale, per alcune farmacie pilota, per essere, successivamente, messa a disposizione di tutte le farmacie aderenti al progetto (68 in totale su 116).<\/p>\n<p>Le parti concordano inoltre un periodo di formazione specifico, ponendo particolare riguardo alle classi di priorit\u00e0 e al quesito diagnostico (obbligatorio) indicati in ricetta. Periodicamente, tramite il gruppo di lavoro permanente composto da due farmacisti indicati da Federfarma e due professionisti indicati dall\u2019Asl, si proceder\u00e0 a verificare l\u2019andamento complessivo del protocollo e degli obiettivi previsti.<\/p>\n<p>&#8220;L\u2019intesa &#8211; dichiara l&#8217;Asl &#8211; valorizza l\u2019importante ruolo svolto dal farmacista nell\u2019ambito del Sistema Sanitario, quale portatore di esperienze consolidate, professionalit\u00e0 e capacit\u00e0 di adattare la struttura per fornire un servizio pubblico sociale ed essenziale. Con questa ulteriore iniziativa l\u2019Azienda porta avanti il percorso intrapreso per migliorare i rapporti con i cittadini adeguando quanto pi\u00f9 possibile i propri servizi alle esigenze dell\u2019utenza&#8221;.<\/p>\n<blockquote><p><strong><em>Di seguito l&#8217;elenco completo delle farmacie aderenti<\/em><\/strong><\/p>\n<p>\u2022 Albi3 &#8211; Albissola Superiore<br \/>\n\u2022 Alla Torretta &#8211; Savona<br \/>\n\u2022 Angelini &#8211; Varazze<br \/>\n\u2022 Antico Borgo &#8211; Zuccarello<br \/>\n\u2022 Brunetti &#8211; Celle Ligure<br \/>\n\u2022 Carrara &#8211; Cisano Sul Neva<br \/>\n\u2022 Centrale &#8211; Pietra Ligure<br \/>\n\u2022 Centrale &#8211; Savona<br \/>\n\u2022 Comunale &#8211; Albenga<br \/>\n\u2022 Comunale Centrale &#8211; Albenga<br \/>\n\u2022 Comunale Degli Ingauni &#8211; Albenga<br \/>\n\u2022 Del Maestrale &#8211; Finale Ligure<br \/>\n\u2022 Del Santuario &#8211; Savona<br \/>\n\u2022 Del Teatro &#8211; Savona<br \/>\n\u2022 Della Concordia &#8211; Cario M,tte<br \/>\n\u2022 Della Concordia &#8211; Albissola Marina<br \/>\n\u2022 Della Ferrera &#8211; Savona<br \/>\n\u2022 Della Marina &#8211; Finale Ligure<br \/>\n\u2022 Di Cadibona &#8211; Quiliano<br \/>\n\u2022 Di Calice &#8211; Calice Ligure<br \/>\n\u2022 Di Pontinvrea &#8211; Pontinvresa<br \/>\n\u2022 Di Stella &#8211; Stella<br \/>\n\u2022 Di Toirano &#8211; Toirano<br \/>\n\u2022 Di Varigotti &#8211; Finale Ligure<br \/>\n\u2022 Di Zinola &#8211; Savona<br \/>\n\u2022 Farina &#8211; Savona<br \/>\n\u2022 Fascie &#8211; Savona<br \/>\n\u2022 Ferrando &#8211; Oroco Feglino<br \/>\n\u2022 Franchi &#8211; Borghetto S.S.<br \/>\n\u2022 Gasco &#8211; Albenga<br \/>\n\u2022 Inglese &#8211; Alassio<br \/>\n\u2022 Magliocco &#8211; Casanova Lerrone<br \/>\n\u2022 Mezzadra &#8211; Vado Lig.<br \/>\n\u2022 Moderna &#8211; Savona<br \/>\n\u2022 Montenaro &#8211; Varazze \u2022 Nan &#8211; Ceriale<br \/>\n\u2022 Nuova &#8211; Ferrania Cairo M.tte<br \/>\n\u2022 Nuova &#8211; Loano<br \/>\n\u2022 Nuova &#8211; Savona<br \/>\n\u2022 Padovani &#8211; Savona<br \/>\n\u2022 Pennavaire &#8211; Castelbianco<br \/>\n\u2022 Piemontese &#8211; Savona<br \/>\n\u2022 Pincin &#8211; Garlenda<br \/>\n\u2022 Ranaldo &#8211; Villanova d&#8217;Albenga<br \/>\n\u2022 Riccardi &#8211; Savona<br \/>\n\u2022 Richeri &#8211; Finale Ligure<br \/>\n\u2022 S.Lorenzo e Michele &#8211; Giustenice<br \/>\n\u2022 San Bartolomeo &#8211; Cosseria<br \/>\n\u2022 San Francesco &#8211; Savona<br \/>\n\u2022 San Lorenzo &#8211; Savona<br \/>\n\u2022 San Michele &#8211; Albenga<br \/>\n\u2022 San Nazario &#8211; Varazze<br \/>\n\u2022 San Nicola &#8211; Mallare<br \/>\n\u2022 San Nicol\u00f2 &#8211; Bardineto<br \/>\n\u2022 San Nicol\u00f2 &#8211; Albissola Superiore<br \/>\n\u2022 San Paolo &#8211; Savona<br \/>\n\u2022 San Pietro &#8211; Spotorno<br \/>\n\u2022 San Rocco &#8211; Ceriale<br \/>\n\u2022 Santa Chiara &#8211; Piana Crixia<br \/>\n\u2022 Sant&#8217;Antonio &#8211; Magliolo<br \/>\n\u2022 Saroldi &#8211; Millesimo<br \/>\n\u2022 Scarsi &#8211; Vado Lig.<br \/>\n\u2022 Stella &#8211; Stella San Giovanni<br \/>\n\u2022 Urbe &#8211; Urbe<br \/>\n\u2022 Vadino &#8211; Albenga<br \/>\n\u2022 Valmaremola &#8211; Tovo San Giacomo<br \/>\n\u2022 Valmerula- Andora<br \/>\n\u2022 Varaldo &#8211; Dego<\/p><\/blockquote>\n","protected":false},"excerpt":{"rendered":"<p>Si potr\u00e0 prenotare in 68 farmacie in tutta la provincia, dal luned\u00ec al sabato, dalle 9 alle 12 e dalle 15 alle 17<\/p>\n","protected":false},"author":10593,"featured_media":0,"comment_status":"open","ping_status":"closed","sticky":false,"template":"","format":"standard","meta":{"footnotes":""},"categories":[45296,56],"tags":[3045,12997],"class_list":["post-424290","post","type-post","status-publish","format-standard","hentry","category-copertina","category-altre","tag-cup","tag-federfarma","post_cat_citta-provincia"],"amp_validity":null,"amp_enabled":true,"_links":{"self":[{"href":"https:\/\/staging.ivg.it\/ediapi\/wp\/v2\/posts\/424290","targetHints":{"allow":["GET"]}}],"collection":[{"href":"https:\/\/staging.ivg.it\/ediapi\/wp\/v2\/posts"}],"about":[{"href":"https:\/\/staging.ivg.it\/ediapi\/wp\/v2\/types\/post"}],"author":[{"embeddable":true,"href":"https:\/\/staging.ivg.it\/ediapi\/wp\/v2\/users\/10593"}],"replies":[{"embeddable":true,"href":"https:\/\/staging.ivg.it\/ediapi\/wp\/v2\/comments?post=424290"}],"version-history":[{"count":0,"href":"https:\/\/staging.ivg.it\/ediapi\/wp\/v2\/posts\/424290\/revisions"}],"wp:attachment":[{"href":"https:\/\/staging.ivg.it\/ediapi\/wp\/v2\/media?parent=424290"}],"wp:term":[{"taxonomy":"category","embeddable":true,"href":"https:\/\/staging.ivg.it\/ediapi\/wp\/v2\/categories?post=424290"},{"taxonomy":"post_tag","embeddable":true,"href":"https:\/\/staging.ivg.it\/ediapi\/wp\/v2\/tags?post=424290"}],"curies":[{"name":"wp","href":"https:\/\/api.w.org\/{rel}","templated":true}]}}