{"id":424139,"date":"2017-11-14T17:34:43","date_gmt":"2017-11-14T16:34:43","guid":{"rendered":"http:\/\/www.ivg.it\/?p=424139"},"modified":"2017-11-14T17:55:48","modified_gmt":"2017-11-14T16:55:48","slug":"cengio-unico-comune-del-savonese-ad-finanziato-nellambito-del-piano-nazionale-riqualificazione","status":"publish","type":"post","link":"https:\/\/staging.ivg.it\/2017\/11\/cengio-unico-comune-del-savonese-ad-finanziato-nellambito-del-piano-nazionale-riqualificazione\/","title":{"rendered":"Cengio unico Comune del savonese ad essere finanziato nell&#8217;ambito del piano nazionale di riqualificazione"},"content":{"rendered":"<p><strong>Cengio<\/strong>. Diciottesimo su 870 Comuni richiedenti, di cui solo 450 ammessi, nonch\u00e8 unico della provincia di Savona (della Liguria solo insieme a La Spezia): ieri a Brescia il sindaco Sergio Marenco ha ricevuto, direttamente da Maria Elena Boschi per il Consiglio dei Ministri, la conferma del finanziamento di circa due milioni di euro per i progetti che rientrano nel piano nazionale di riqualificazione sociale e culturale delle aree urbane degradate.<\/p>\n<p>La somma di un milione 962 mila 550 euro sar\u00e0 cos\u00ec ripartita: la fetta pi\u00f9 grande andr\u00e0 per la sistemazione di Palazzo Rosso, di propriet\u00e0 della Syndial, che ora il Comune gestisce con un contratto di affitto. Come spiega il primo cittadino, &#8220;verr\u00e0 realizzato innanzitutto un ascensore sul lato della portineria dell&#8217;ex Acna, nonch\u00e8 una scala di sicurezza aggiuntiva a quella attuale. Questo per quanto riguarda la messa a norma e la possibilit\u00e0 di fruizione da parte di anziani e disabili. Ma non \u00e8 tutto. Verranno infatti sistemati sia il piano terreno che ospita la mensa aziendale sia quello intermedio dove \u00e8 presente l&#8217;auditorium, e infine anche il sottotetto&#8221;.<\/p>\n<p>Nei locali dove un tempo c&#8217;era l&#8217;ufficio postale sar\u00e0 realizzata la biblioteca storica della chimica, 120 anni di un passato scientifico che ora saranno messi a disposizione di scuole e universit\u00e0, con un allestimento di pregio grazie ai volumi e ai documenti ora stipati all&#8217;interno dello stabilimento. Tornando invece alla riqualificazione urbana, altri 486 mila euro saranno destinati a Vicolo Genepro, dove i ruderi attuali saranno trasformati dalla Cooperarci in appartamenti di edilizia convenzionata e ci sar\u00e0 anche lo spazio per una nuova palestra polifunzionale.<\/p>\n<p>E ancora, 231 mila euro serviranno per convertire l&#8217;edificio dell&#8217;ex Inam, ora della Parrocchia, in un centro giovanile, mentre altri 171 mila andranno alla riqualificazione esterna di &#8220;Casa Scapoli&#8221;, con un percorso attrezzato per anziani che porta al cimitero, ossia una sorta di &#8220;Parco di riabilitazione&#8221; per gli ospiti della struttura. Infine, 225 mila euro si aggiungono ai finanziamenti gi\u00e0 ottenuti per l&#8217;ampliamento e la sistemazione della scuola Bertagna.<\/p>\n<p>&#8220;Una grande soddisfazione, che premia ancora una volta il buon lavoro degli addetti comunali e grazie al quale portiamo al paese di Cengio altri due milioni di lavori &#8211; sottolinea il sindaco, insieme agli assessori Mauro Roveta, Boris Arturi e al consigliere delegato alla Cultura Daniela Olivieri &#8211; Durante questo mandato che sta volgendo al termine abbiamo potuto contare su ben otto milioni di contributi, tutti destinati a interventi di riqualificazione. Questo ultimo &#8216;bottino&#8217; \u00e8 da gestire tramite accordi e convenzioni con privati, ossia Syndial, Cooperarci e Diocesi, ma i cittadini potranno avvalersi di strutture e miglioramenti significativi&#8221;.<\/p>\n","protected":false},"excerpt":{"rendered":"<p>In arrivo due milioni per Palazzo Rosso, dove sorger\u00e0 la biblioteca storica della chimica, Vicolo Genepro, ex Casa Scapoli e scuola Bertagna<\/p>\n","protected":false},"author":10659,"featured_media":0,"comment_status":"open","ping_status":"closed","sticky":false,"template":"","format":"standard","meta":{"footnotes":""},"categories":[56],"tags":[3133,66429],"class_list":["post-424139","post","type-post","status-publish","format-standard","hentry","category-altre","tag-finanziamento","tag-palazzo-rosso","post_cat_citta-cengio","post_cat_citta-valbormida","post_tag_personaggi-boris-arturi","post_tag_personaggi-daniela-olivieri","post_tag_personaggi-mauro-roveta","post_tag_personaggi-sergio-marenco-2"],"amp_validity":null,"amp_enabled":true,"_links":{"self":[{"href":"https:\/\/staging.ivg.it\/ediapi\/wp\/v2\/posts\/424139","targetHints":{"allow":["GET"]}}],"collection":[{"href":"https:\/\/staging.ivg.it\/ediapi\/wp\/v2\/posts"}],"about":[{"href":"https:\/\/staging.ivg.it\/ediapi\/wp\/v2\/types\/post"}],"author":[{"embeddable":true,"href":"https:\/\/staging.ivg.it\/ediapi\/wp\/v2\/users\/10659"}],"replies":[{"embeddable":true,"href":"https:\/\/staging.ivg.it\/ediapi\/wp\/v2\/comments?post=424139"}],"version-history":[{"count":0,"href":"https:\/\/staging.ivg.it\/ediapi\/wp\/v2\/posts\/424139\/revisions"}],"wp:attachment":[{"href":"https:\/\/staging.ivg.it\/ediapi\/wp\/v2\/media?parent=424139"}],"wp:term":[{"taxonomy":"category","embeddable":true,"href":"https:\/\/staging.ivg.it\/ediapi\/wp\/v2\/categories?post=424139"},{"taxonomy":"post_tag","embeddable":true,"href":"https:\/\/staging.ivg.it\/ediapi\/wp\/v2\/tags?post=424139"}],"curies":[{"name":"wp","href":"https:\/\/api.w.org\/{rel}","templated":true}]}}