{"id":423256,"date":"2017-11-02T14:12:16","date_gmt":"2017-11-02T13:12:16","guid":{"rendered":"http:\/\/www.ivg.it\/?p=423256"},"modified":"2017-11-02T14:17:49","modified_gmt":"2017-11-02T13:17:49","slug":"arriva-vaccino-antinfluenzale-sara-gratuito","status":"publish","type":"post","link":"https:\/\/staging.ivg.it\/2017\/11\/arriva-vaccino-antinfluenzale-sara-gratuito\/","title":{"rendered":"Arriva il vaccino antinfluenzale: ecco per chi sar\u00e0 gratuito"},"content":{"rendered":"<p><strong>Liguria.<\/strong> Prender\u00e0 il via il 6 novembre in tutta la Liguria &#8220;Io non mi faccio influenzare&#8221;, la campagna antinfluenzale 2017-2018, che terminer\u00e0 il 31 dicembre &#8211; fatto salvo un eventuale prolungamento in caso di necessit\u00e0 \u2013 per assicurare la vaccinazione gratuita contro l&#8217;influenza agli anziani, ai bambini, agli adulti affetti da malattie croniche e a tutte le persone maggiormente a rischio.<\/p>\n<p>Le Asl liguri hanno acquistato 319 mila dosi a fronte di un investimento di 1 milione e 260 mila euro. &#8220;\u00c8 importante che la popolazione ligure, specie quella anziana particolarmente numerosa, sia informata dell&#8217;avvio di questa campagna per il vaccino antinfluenzale \u2013 sottolinea l&#8217;assessore regionale alla Sanit\u00e0 Sonia Viale &#8211; che \u00e8 gratuito dal 65esimo anno di et\u00e0 e anche per una serie di persone considerate maggiormente a rischio come le donne in gravidanza, chi \u00e8 affetto da patologie croniche o da disabilit\u00e0 o chi opera a stretto contatto con il pubblico, in primis operatori sanitari, veterinari e personale scolastico. A loro rivolgo l&#8217;invito di rivolgersi al proprio medico di famiglia o alla propria Asl di competenza per farsi vaccinare contro l&#8217;influenza. Questo significa fare prevenzione: troppo spesso vengono sottovalutati i rischi delle complicazioni dei cosiddetti mali di stagione e le ricadute possono diventare critiche per la salute delle persone, oltre che provocare disagi e intasamenti nei pronto soccorso&#8221;.<\/p>\n<p>In base alle raccomandazioni dell&#8217;Organizzazione Mondiale della Sanit\u00e0, il vaccino per la stagione 2017\/2018 conterr\u00e0 una nuova variante antigenica di sottotipo H1N1. Dai dati epidemiologici relativi all&#8217;emisfero sud, ove l&#8217;epidemia influenzale si \u00e8 da poco conclusa, \u00e8 ipotizzabile attendersi un&#8217;epidemia di media intensit\u00e0. Inoltre, come ogni anno, i medici di medicina generale potranno eseguire, se richiesta, anche la vaccinazione per pneumococco, un germe responsabile di polmoniti e meningiti, soprattutto nelle persone pi\u00f9 fragili affette da patologie croniche.<\/p>\n<p>&#8220;L&#8217;anno scorso in Liguria &#8211; aggiunge la vicepresidente Viale &#8211; \u00e8 stato vaccinato circa il 50% degli over 65enni: un risultato in linea con il resto del Paese ma considerato ancora insufficiente. Per questo motivo la campagna informativa promossa su tutto il nostro territorio punta a sensibilizzare ulteriormente la popolazione per raggiungere una copertura ancora pi\u00f9 vasta, in particolare nella popolazione anziana, tra i soggetti considerati a rischio e tra gli operatori sanitari. Inoltre, come gi\u00e0 accaduto l&#8217;anno scorso \u2013 conclude la vicepresidente Viale \u2013 grazie ad Alisa e alla collaborazione tra le diverse Asl, anche questa campagna di sensibilizzazione sar\u00e0 omogenea su tutto il territorio regionale&#8221;.<\/p>\n<div class=\"single-img-content-container fullwidth-single shortcode standard\">\n    <div class=\"image_container\" style=\"text-align: center;\">\n        <picture class=\" lazyload\"><img loading=\"lazy\" class=\"lazy\" data-srcset=\"https:\/\/www.ivg.it\/photogallery_new\/images\/2017\/11\/vaccino-antinfluenzale-gratuito-428183.jpg 1024w, https:\/\/www.ivg.it\/photogallery_new\/images\/2017\/11\/vaccino-antinfluenzale-gratuito-428183.jpg 970w, https:\/\/www.ivg.it\/photogallery_new\/images\/2017\/11\/vaccino-antinfluenzale-gratuito-428183.jpg 660w, https:\/\/www.ivg.it\/photogallery_new\/images\/2017\/11\/vaccino-antinfluenzale-gratuito-428183.jpg 316w, https:\/\/www.ivg.it\/photogallery_new\/images\/2017\/11\/vaccino-antinfluenzale-gratuito-428183.jpg 150w\"  data-src=\"https:\/\/www.ivg.it\/photogallery_new\/images\/2017\/11\/vaccino-antinfluenzale-gratuito-428183.jpg\" alt=\"vaccino antinfluenzale gratuito\" \/><\/picture>\r\n\n    <\/div>\n    <\/div>\n\n<p>Per conoscere tutti i soggetti a cui il vaccino sar\u00e0 garantito gratuitamente \u00e8 sufficiente chiedere al proprio medico di famiglia o alla Asl di propria competenza. Sono considerati a rischio i soggetti che abbiano pi\u00f9 di 65 anni (nati nel 1953 e anni precedenti), i soggetti di qualunque et\u00e0 affetti da patologie croniche e le donne in gravidanza al secondo e terzo trimestre. Il vaccino \u00e8 inoltre raccomandato per particolari categorie di lavoratori come gli allevatori a contatto con suini e volatili e per gli operatori sanitari. Per tutti questi soggetti la vaccinazione \u00e8 offerta gratuitamente.<\/p>\n<p>Sar\u00e0 possibile inoltre acquistare il vaccino in farmacia. Per effettuare la vaccinazione ci si potr\u00e0 recare presso gli studi dei medici e pediatri di famiglia aderenti o nelle Asl territorialmente competenti; anche le Rsa si faranno carico di vaccinare i propri assistiti. Per contattare l&#8217;ambulatorio di igiene e sanit\u00e0 pubblica della Asl 2 \u00e8 possibile chiamare lo 019\/8405901 oppure lo 019\/8045919. Di seguito recapiti e aperture delle sedi in cui \u00e8 possibile vaccinarsi:<\/p>\n<p>Albenga &#8211; Via Trieste 54<br \/>\nOrario: dal luned\u00ec al venerd\u00ec dalle 12 alle 13. Presentandosi di persona il luned\u00ec e il venerd\u00ec dalle11 alle 12<br \/>\nTel. 0182 546252<\/p>\n<p>Loano &#8211; Via Stella 36<br \/>\nOrario: il marted\u00ec dalle 14 alle 15.30 e il gioved\u00ec dalle 10 alle 12<br \/>\n019 8405842<\/p>\n<p>Carcare &#8211; Via del Collegio<br \/>\nOrario: luned\u00ec: dalle 12 alle 13; gioved\u00ec: dalle 8 alle 10; venerd\u00ec: dalle 12 alle 13. Presentandosi di persona in Via del Collegio 18 &#8211; ultimo piano \u2013 marted\u00ec: dalle 11.30 alle 12.30; gioved\u00ec: dalle 11.30 alle 12.30 e venerd\u00ec: dalle 11 alle 12<br \/>\nTel. 019 5009613<\/p>\n<p>Savona &#8211; Via Collodi 13<br \/>\nOrario: dal luned\u00ec al venerd\u00ec dalle 8.30 alle 10<br \/>\nTel. 019 8405901<\/p>\n","protected":false},"excerpt":{"rendered":"<p>Dal 6 novembre via alla campagna, in Liguria acquistate 319mila dosi per una spesa di 1.260.000 euro<\/p>\n","protected":false},"author":10593,"featured_media":0,"comment_status":"open","ping_status":"closed","sticky":false,"template":"","format":"standard","meta":{"footnotes":""},"categories":[45296,56],"tags":[59659],"class_list":["post-423256","post","type-post","status-publish","format-standard","hentry","category-copertina","category-altre","tag-vaccino-antinfluenzale","post_cat_citta-provincia","post_tag_personaggi-sonia-viale"],"amp_validity":null,"amp_enabled":true,"_links":{"self":[{"href":"https:\/\/staging.ivg.it\/ediapi\/wp\/v2\/posts\/423256","targetHints":{"allow":["GET"]}}],"collection":[{"href":"https:\/\/staging.ivg.it\/ediapi\/wp\/v2\/posts"}],"about":[{"href":"https:\/\/staging.ivg.it\/ediapi\/wp\/v2\/types\/post"}],"author":[{"embeddable":true,"href":"https:\/\/staging.ivg.it\/ediapi\/wp\/v2\/users\/10593"}],"replies":[{"embeddable":true,"href":"https:\/\/staging.ivg.it\/ediapi\/wp\/v2\/comments?post=423256"}],"version-history":[{"count":0,"href":"https:\/\/staging.ivg.it\/ediapi\/wp\/v2\/posts\/423256\/revisions"}],"wp:attachment":[{"href":"https:\/\/staging.ivg.it\/ediapi\/wp\/v2\/media?parent=423256"}],"wp:term":[{"taxonomy":"category","embeddable":true,"href":"https:\/\/staging.ivg.it\/ediapi\/wp\/v2\/categories?post=423256"},{"taxonomy":"post_tag","embeddable":true,"href":"https:\/\/staging.ivg.it\/ediapi\/wp\/v2\/tags?post=423256"}],"curies":[{"name":"wp","href":"https:\/\/api.w.org\/{rel}","templated":true}]}}