{"id":422999,"date":"2017-10-29T20:57:57","date_gmt":"2017-10-29T19:57:57","guid":{"rendered":"http:\/\/www.ivg.it\/?p=422999"},"modified":"2017-10-29T21:01:24","modified_gmt":"2017-10-29T20:01:24","slug":"serie-b2-iglina-albisola-imbattuta-vittoria-3-punti","status":"publish","type":"post","link":"https:\/\/staging.ivg.it\/2017\/10\/serie-b2-iglina-albisola-imbattuta-vittoria-3-punti\/","title":{"rendered":"Serie B2: Iglina Albisola imbattuta, prima vittoria da 3 punti"},"content":{"rendered":"<p><strong>Albisola Superiore.<\/strong> Un\u2019ora e venticinque minuti, tanto \u00e8 durata la gara che ha portato, per la prima volta in stagione, i<strong> 3 punti in casa Iglina.<\/strong> Un\u2019ora e venticinque per <strong>rimanere imbattute in campionato<\/strong> e per <strong>dimostrare una superiorit\u00e0 abbastanza marcata<\/strong> nonostante un primo set che ha fatto temere una serata pi\u00f9 difficile.<\/p>\n<p>Un&#8217;ora e venticinque per poter scattare la oramai classica foto di fine gara con Ginevra, Marta, Viola e Agata, impegnate nel servizio di asciugatura campo per questa partita di campionato a cui si sono aggiunte tutte le compagne del settore giovanile di Albisola che, per tutta la durata della gara, hanno cantato e spinto le loro beniamine con tanta voce verso la vittoria.<\/p>\n<p><strong>Zanoni presenta la squadra con la diagonale delle sorelle Montedoro, Travaglio e Lavagna bande, Veneriano e Damonte centrali e Conterno libero.<\/strong> Fin dalle prime battute \u00e8 Albisola a fare la partita; le avversarie cercano di rimanere aggrappate alle giallobl\u00f9 ma la potenza della formazione di casa \u00e8, a tratti, straripante. Il set sembra scivolare agevolmente verso la sponda albisolese, ma un ottimo turno in battuta del Canavese riporta prepotentemente in partita le avversarie che <strong>costringono le locali ad un insidioso punto a punto che si risolve a loro vantaggio sul 26 a 24.<\/strong><\/p>\n<p><strong>Secondo e terzo parziale con poca storia: l\u2019Iglina domina<\/strong> in lungo e in largo e i <strong>trentadue punti concessi nei due set<\/strong> dimostrano quanto abbia influito la vittoria del primo parziale e quanto sia pesato sul morale delle ospiti. In casa Albisola grande gioia a fine gara, arrivata al termine di un\u2019ottima settimana di lavoro.<\/p>\n<p><strong>Matteo Zanoni<\/strong>, molto felice, segna la strada per il futuro: &#8220;<strong>Gare come oggi piacciono perch\u00e9 sono la risultante dell\u2019ottimo lavoro che le ragazze fanno in settimana.<\/strong> Se uno vedendoci giocare si diverte, si divertirebbe anche vedendoci allenare in settimana per il gioco che, a tratti, riusciamo ad esprimere anche in allenamento. <strong>Riusciamo a lavorare bene dal luned\u00ec al venerd\u00ec nella giusta maniera e con la giusta intensit\u00e0 e questo \u00e8 molto bello.<\/strong> La vittoria ci fa essere ottimisti ma le prossime gare saranno ancora pi\u00f9 dure, gi\u00e0 sabato prossimo andremo a\u00a0Caselle contro una squadra molto molto ben attrezzata ma a ci\u00f2 penseremo da domani, per stasera ci concediamo un piccolo festeggiamento&#8221;.<\/p>\n<p>Come sempre mister Zanoni resta sempre concentrato sull\u2019obiettivo e sulla strada che questa squadra ha cominciato a percorrere. Come giustamente ricordato dal mister,<strong> sabato 4 novembre l\u2019Iglina andr\u00e0 a far visita al Caselle Volley,<\/strong> una formazione neopromossa ma con grandi ambizioni e che esprime un\u2019ottima pallavolo.<\/p>\n","protected":false},"excerpt":{"rendered":"<p>Le giallobl\u00f9 regolano in 3 set il Canavese<\/p>\n","protected":false},"author":18,"featured_media":0,"comment_status":"open","ping_status":"closed","sticky":false,"template":"","format":"standard","meta":{"footnotes":""},"categories":[45296,399,32],"tags":[12218,85997,3678],"class_list":["post-422999","post","type-post","status-publish","format-standard","hentry","category-copertina","category-pallavolo","category-sport","tag-iglina-albisola","tag-pallavolo","tag-serie-b2","post_cat_citta-albisola-superiore","post_tag_personaggi-matteo-zanoni"],"amp_validity":null,"amp_enabled":true,"_links":{"self":[{"href":"https:\/\/staging.ivg.it\/ediapi\/wp\/v2\/posts\/422999","targetHints":{"allow":["GET"]}}],"collection":[{"href":"https:\/\/staging.ivg.it\/ediapi\/wp\/v2\/posts"}],"about":[{"href":"https:\/\/staging.ivg.it\/ediapi\/wp\/v2\/types\/post"}],"author":[{"embeddable":true,"href":"https:\/\/staging.ivg.it\/ediapi\/wp\/v2\/users\/18"}],"replies":[{"embeddable":true,"href":"https:\/\/staging.ivg.it\/ediapi\/wp\/v2\/comments?post=422999"}],"version-history":[{"count":0,"href":"https:\/\/staging.ivg.it\/ediapi\/wp\/v2\/posts\/422999\/revisions"}],"wp:attachment":[{"href":"https:\/\/staging.ivg.it\/ediapi\/wp\/v2\/media?parent=422999"}],"wp:term":[{"taxonomy":"category","embeddable":true,"href":"https:\/\/staging.ivg.it\/ediapi\/wp\/v2\/categories?post=422999"},{"taxonomy":"post_tag","embeddable":true,"href":"https:\/\/staging.ivg.it\/ediapi\/wp\/v2\/tags?post=422999"}],"curies":[{"name":"wp","href":"https:\/\/api.w.org\/{rel}","templated":true}]}}