{"id":422713,"date":"2017-10-25T20:51:24","date_gmt":"2017-10-25T18:51:24","guid":{"rendered":"http:\/\/www.ivg.it\/?p=422713"},"modified":"2017-10-25T20:51:24","modified_gmt":"2017-10-25T18:51:24","slug":"velox-convenzione-le-province-savona-imperia-la-gestione-delle-multe-via-alla-revisione-degli-apparecchi","status":"publish","type":"post","link":"https:\/\/staging.ivg.it\/2017\/10\/velox-convenzione-le-province-savona-imperia-la-gestione-delle-multe-via-alla-revisione-degli-apparecchi\/","title":{"rendered":"Velox, convenzione tra le Province di Savona e Imperia per la gestione delle multe: via alla &#8220;revisione&#8221; degli apparecchi"},"content":{"rendered":"<p><strong>Provincia<\/strong>. Quest&#8217;oggi i consigli provinciali di Savona e Imperia hanno approvato entrambi lo schema di convenzione per la gestione congiunta delle funzioni di polizia stradale legate al monitoraggio, sulle strade delle due province, dei limiti di velocit\u00e0 mediante l&#8217;utilizzo degli autovelox. In base a tale accordo, ora saranno le polizie delle due Province a \u201cfirmare\u201d i verbali che verranno recapitati a casa di chi viene sorpreso a superare i limiti di velocit\u00e0 lungo le strade provinciali.<\/p>\n<p>\u201cLa &#8216;firma&#8217; dei verbali \u00e8 uno degli aspetti che ci era stato contestato dalla prefettura di Savona e oggi vi abbiamo posto rimedio \u2013 spiega il vice presidente della Provincia con delega alla viabilit\u00e0 Luana Isella \u2013 Ratificata questa convenzione, ora potremo mettere in atto una generale &#8216;revisione&#8217; degli autovelox posizionati sul nostro territorio e per i quali la stessa prefettura aveva riscontrato alcune criticit\u00e0 legate, ad esempio, alla segnaletica o al posizionamento\u201d.<\/p>\n<p>Ad essere sottoposti a questa iniziativa di \u201crevisione\u201d saranno tanto gli apparecchi gi\u00e0 presenti lungo le provinciali quanto quelli che saranno installati in futuro: \u201cGli uffici stanno stilando l&#8217;elenco degli apparecchi. Contiamo di portare a termine la parte &#8216;su strada&#8217; per i primi giorni di dicembre\u201d.<\/p>\n<p>Gi\u00e0 dalla prossima settimana, per\u00f2, inizier\u00e0 un&#8217;intensa attivit\u00e0 informativa: \u201cGi\u00e0 nei prossimi giorni avvieremo i contatti con i sindaci dei territori sui quali sono presenti i velox. In seguito inizieremo una campagna di informazione nei confronti di tutti i cittadini, i comitati e gli organi di stampa per comunicare nella maniera pi\u00f9 chiara possibile e con largo anticipo il posizionamento dei velox, i limiti di velocit\u00e0 e il periodo in cui entreranno in funzione. Gli apparecchi non saranno posizionati n\u00e9 attivati \u2018a tradimento\u2019 ma ci sar\u00e0 massima trasparenza e condivisione con i cittadini\u201d.<\/p>\n","protected":false},"excerpt":{"rendered":"<p>La Provincia pronta a &#8220;correggere&#8221; le criticit\u00e0 evidenziate dalla prefettura e legate a segnaletica e posizionamento<\/p>\n","protected":false},"author":12120,"featured_media":0,"comment_status":"open","ping_status":"closed","sticky":false,"template":"","format":"standard","meta":{"footnotes":""},"categories":[31],"tags":[6755,2902,375],"class_list":["post-422713","post","type-post","status-publish","format-standard","hentry","category-politica","tag-autovelox","tag-polizia-provinciale","tag-provincia","post_cat_citta-provincia","post_tag_personaggi-luana-isella"],"amp_validity":null,"amp_enabled":true,"_links":{"self":[{"href":"https:\/\/staging.ivg.it\/ediapi\/wp\/v2\/posts\/422713","targetHints":{"allow":["GET"]}}],"collection":[{"href":"https:\/\/staging.ivg.it\/ediapi\/wp\/v2\/posts"}],"about":[{"href":"https:\/\/staging.ivg.it\/ediapi\/wp\/v2\/types\/post"}],"author":[{"embeddable":true,"href":"https:\/\/staging.ivg.it\/ediapi\/wp\/v2\/users\/12120"}],"replies":[{"embeddable":true,"href":"https:\/\/staging.ivg.it\/ediapi\/wp\/v2\/comments?post=422713"}],"version-history":[{"count":0,"href":"https:\/\/staging.ivg.it\/ediapi\/wp\/v2\/posts\/422713\/revisions"}],"wp:attachment":[{"href":"https:\/\/staging.ivg.it\/ediapi\/wp\/v2\/media?parent=422713"}],"wp:term":[{"taxonomy":"category","embeddable":true,"href":"https:\/\/staging.ivg.it\/ediapi\/wp\/v2\/categories?post=422713"},{"taxonomy":"post_tag","embeddable":true,"href":"https:\/\/staging.ivg.it\/ediapi\/wp\/v2\/tags?post=422713"}],"curies":[{"name":"wp","href":"https:\/\/api.w.org\/{rel}","templated":true}]}}