{"id":42242,"date":"2008-11-27T18:48:14","date_gmt":"2008-11-27T17:48:14","guid":{"rendered":"http:\/\/www.ivg.it\/2008\/11\/27\/varazze-protocollo-regione-comune-per-il-raddoppio-dellaurelia\/"},"modified":"2008-11-27T18:48:14","modified_gmt":"2008-11-27T17:48:14","slug":"varazze-protocollo-regione-comune-per-il-raddoppio-dellaurelia","status":"publish","type":"post","link":"https:\/\/staging.ivg.it\/2008\/11\/varazze-protocollo-regione-comune-per-il-raddoppio-dellaurelia\/","title":{"rendered":"Varazze, protocollo Regione-Comune per il raddoppio dell&#8217;Aurelia"},"content":{"rendered":"<p>[thumb:9787:l]<strong>Varazze<\/strong>. &#8220;Abbiamo firmato un protocollo tra la Regione ed il Comune per avviare la realizzazione, che avr\u00e0 senz&#8217;altro i suoi tempi, del raddoppio dell&#8217;Aurelia a Varazze&#8221;. E&#8217; quanto specificato dal presidente della Regione Claudio Burlando, questo pomeriggio nella cittadina del levante savonese per la presentazione della messa in sicurezza del Torrente Teiro.<\/p>\n<p>&#8220;E&#8217; un raddoppio gi\u00e0 avviato in vari tratti della Liguria &#8211; ha detto Burlando &#8211; Naturalmente bisogner\u00e0 procedere con uno studio di fattibilit\u00e0 e avere il benestare dell&#8217;Anas, ma occorre lavorare in sinergia perch\u00e9 anche Varazze possa avere una viabilit\u00e0 alternativa e pi\u00f9 scorrevole&#8221;.<\/p>\n<p>Il presidente regionale ha partecipato alle inaugurazioni della passeggiata a mare di ponente e del parco pubblico &#8220;Boschetto&#8221;. Al termine della cerimonia, l&#8217;appuntamento con la cittadinanza alla sala congressi del Palasport insieme al sindaco Antonio Ghigliazza.<\/p>\n","protected":false},"excerpt":{"rendered":"<p>[thumb:9787:l]Varazze. &#8220;Abbiamo firmato un protocollo tra la Regione ed il Comune per avviare la realizzazione, che avr\u00e0 senz&#8217;altro i suoi tempi, del raddoppio dell&#8217;Aurelia a Varazze&#8221;. E&#8217; quanto specificato dal presidente della Regione Claudio Burlando, questo pomeriggio nella cittadina del levante savonese per la presentazione della messa in sicurezza del Torrente Teiro. &#8220;E&#8217; un raddoppio [&hellip;]<\/p>\n","protected":false},"author":5,"featured_media":0,"comment_status":"open","ping_status":"closed","sticky":false,"template":"","format":"standard","meta":{"footnotes":""},"categories":[],"tags":[2840,897,284,108],"class_list":["post-42242","post","type-post","status-publish","format-standard","hentry","tag-aurelia","tag-aurelia-bis","tag-claudio-burlando","tag-viabilita","post_cat_citta-varazze"],"amp_validity":null,"amp_enabled":true,"_links":{"self":[{"href":"https:\/\/staging.ivg.it\/ediapi\/wp\/v2\/posts\/42242","targetHints":{"allow":["GET"]}}],"collection":[{"href":"https:\/\/staging.ivg.it\/ediapi\/wp\/v2\/posts"}],"about":[{"href":"https:\/\/staging.ivg.it\/ediapi\/wp\/v2\/types\/post"}],"author":[{"embeddable":true,"href":"https:\/\/staging.ivg.it\/ediapi\/wp\/v2\/users\/5"}],"replies":[{"embeddable":true,"href":"https:\/\/staging.ivg.it\/ediapi\/wp\/v2\/comments?post=42242"}],"version-history":[{"count":0,"href":"https:\/\/staging.ivg.it\/ediapi\/wp\/v2\/posts\/42242\/revisions"}],"wp:attachment":[{"href":"https:\/\/staging.ivg.it\/ediapi\/wp\/v2\/media?parent=42242"}],"wp:term":[{"taxonomy":"category","embeddable":true,"href":"https:\/\/staging.ivg.it\/ediapi\/wp\/v2\/categories?post=42242"},{"taxonomy":"post_tag","embeddable":true,"href":"https:\/\/staging.ivg.it\/ediapi\/wp\/v2\/tags?post=42242"}],"curies":[{"name":"wp","href":"https:\/\/api.w.org\/{rel}","templated":true}]}}