{"id":422334,"date":"2017-10-21T10:24:49","date_gmt":"2017-10-21T08:24:49","guid":{"rendered":"http:\/\/www.ivg.it\/?p=422334"},"modified":"2017-10-21T12:46:28","modified_gmt":"2017-10-21T10:46:28","slug":"pd-albenga-cambio-della-guardia-gianna-benedetti-segretario","status":"publish","type":"post","link":"https:\/\/staging.ivg.it\/2017\/10\/pd-albenga-cambio-della-guardia-gianna-benedetti-segretario\/","title":{"rendered":"Pd Albenga, cambio della guardia: Gianna Benedetti nuovo segretario"},"content":{"rendered":"<p><strong>Albenga.<\/strong> Il congresso del circolo albenganese del Pd ha eletto Gianna Benedetti quale nuovo segretario cittadino. Dopo la volont\u00e0 espressa da Emanuela Guerra, segretario uscente, di non ricandidarsi, dovuta ad impegni lavorativi genovesi e all&#8217;incarico di capogruppo in Consiglio comunale, la scelta di Gianna Benedetti &#8211; per la sua esperienza e per il tempo che potr\u00e0 dedicare a questo impegno politico &#8211; \u00e8 stata valutata dalla maggioranza degli iscritti al Pd presenti quella pi\u00f9 giusta ed opportuna.<\/p>\n<p>Cos\u00ec il nuovo segretario del circolo ingauno: \u201cAssumo questo incarico con orgoglio ed umilt\u00e0, consapevole che \u00e8 un momento particolarmente intenso per il Pd: mi sono messa a disposizione del mio partito e il mio impegno sar\u00e0 quella di lavorare per un circolo che sia sempre pi\u00f9 presente e attivo sul territorio&#8221;. <div class=\"single-img-content-container fullwidth-single shortcode standard\">\n    <div class=\"image_container\" style=\"text-align: center;\">\n        <picture class=\" lazyload\"><img loading=\"lazy\" class=\"lazy\" data-srcset=\"https:\/\/www.ivg.it\/photogallery_new\/images\/2017\/10\/gianna-benedetti-425756.jpg 1024w, https:\/\/www.ivg.it\/photogallery_new\/images\/2017\/10\/gianna-benedetti-425756.jpg 970w, https:\/\/www.ivg.it\/photogallery_new\/images\/2017\/10\/gianna-benedetti-425756.jpg 660w, https:\/\/www.ivg.it\/photogallery_new\/images\/2017\/10\/gianna-benedetti-425756.jpg 316w, https:\/\/www.ivg.it\/photogallery_new\/images\/2017\/10\/gianna-benedetti-425756.jpg 150w\"  data-src=\"https:\/\/www.ivg.it\/photogallery_new\/images\/2017\/10\/gianna-benedetti-425756.jpg\" alt=\"gianna benedetti\" \/><\/picture>\r\n\n    <\/div>\n    <\/div>\n<\/p>\n<p>&#8220;Ringrazio Emanuela Guerra per il lavoro svolto e tutti gli iscritti e militanti, fare il segretario del Pd di Albenga sar\u00e0 un compito che svolger\u00f2 con impegno e passione\u201d.<\/p>\n<p>A Gianna Benedetti \u00e8 arrivato l&#8217;in bocca al lupo di tutta la sezione albenganese del Pd, degli amministratori e del sindaco Giorgio Cangiano.<\/p>\n","protected":false},"excerpt":{"rendered":"<p>Prende il posto di Emanuela Guerra, capogruppo Pd in Consiglio comunale<\/p>\n","protected":false},"author":4,"featured_media":0,"comment_status":"open","ping_status":"closed","sticky":false,"template":"","format":"standard","meta":{"footnotes":""},"categories":[45296,31],"tags":[197,26283],"class_list":["post-422334","post","type-post","status-publish","format-standard","hentry","category-copertina","category-politica","tag-pd","tag-pd-albenga","post_cat_citta-albenga","post_tag_personaggi-emanuela-guerra-2","post_tag_personaggi-gianna-benedetti","post_tag_personaggi-giorgio-cangiano-2"],"amp_validity":null,"amp_enabled":true,"_links":{"self":[{"href":"https:\/\/staging.ivg.it\/ediapi\/wp\/v2\/posts\/422334","targetHints":{"allow":["GET"]}}],"collection":[{"href":"https:\/\/staging.ivg.it\/ediapi\/wp\/v2\/posts"}],"about":[{"href":"https:\/\/staging.ivg.it\/ediapi\/wp\/v2\/types\/post"}],"author":[{"embeddable":true,"href":"https:\/\/staging.ivg.it\/ediapi\/wp\/v2\/users\/4"}],"replies":[{"embeddable":true,"href":"https:\/\/staging.ivg.it\/ediapi\/wp\/v2\/comments?post=422334"}],"version-history":[{"count":0,"href":"https:\/\/staging.ivg.it\/ediapi\/wp\/v2\/posts\/422334\/revisions"}],"wp:attachment":[{"href":"https:\/\/staging.ivg.it\/ediapi\/wp\/v2\/media?parent=422334"}],"wp:term":[{"taxonomy":"category","embeddable":true,"href":"https:\/\/staging.ivg.it\/ediapi\/wp\/v2\/categories?post=422334"},{"taxonomy":"post_tag","embeddable":true,"href":"https:\/\/staging.ivg.it\/ediapi\/wp\/v2\/tags?post=422334"}],"curies":[{"name":"wp","href":"https:\/\/api.w.org\/{rel}","templated":true}]}}