{"id":422333,"date":"2017-10-21T10:08:43","date_gmt":"2017-10-21T08:08:43","guid":{"rendered":"http:\/\/www.ivg.it\/?p=422333"},"modified":"2017-10-21T10:31:00","modified_gmt":"2017-10-21T08:31:00","slug":"villa-zanelli-savona-m5s-toti-caprioglio-facciano-chiarezza-sui-fondi","status":"publish","type":"post","link":"https:\/\/staging.ivg.it\/2017\/10\/villa-zanelli-savona-m5s-toti-caprioglio-facciano-chiarezza-sui-fondi\/","title":{"rendered":"Villa Zanelli a Savona, M5S: &#8220;Toti e Caprioglio facciano chiarezza sui fondi&#8221;"},"content":{"rendered":"<p><strong>Savona.<\/strong> 5 milioni di euro dalla Regione Liguria al comune di Savona per la riqualificazione del waterfront savonese. \u00c8 quanto contenuto nel Ddl di Giunta regionale 175 del 5 ottobre scorso, ancora in attesa di approvazione, che tinge ulteriormente di giallo il caso dei fondi a Villa Zanelli, prima impegnati e poi revocati da Toti lo scorso 28 settembre con una delibera di Giunta. <\/p>\n<p>E il M5S, per bocca del consigliere regionale Andrea Melis, va all&#8217;attacco: &#8220;Appena una settimana dopo quella stessa cifra ricompare, identica, in un correttivo finanziario della Regione. Ma questa volta non si riferisce a Villa Zanelli, bens\u00ec genericamente alla riqualificazione del waterfront savonese. Come interpretare, dunque, le recenti dichiarazioni della sindaca Caprioglio che, all&#8217;alba della revoca dei 5 milioni di euro a Villa Zanelli, aveva confermato non solo i fondi per il capolavoro liberty ma anche per Palazzo della Rovere? Cos&#8217;\u00e8 successo davvero in quegli otto giorni, dalla delibera del 28 settembre che revocava i fondi al Ddl del 5 ottobre che li riassegnava, ma nell&#8217;ambito di un piano pi\u00f9 ampio di riqualificazione del waterfront savonese? E ancora: cos&#8217;ha a che vedere il centralissimo Palazzo della Rovere con il bando delle periferie? Domande che rivolgiamo direttamente al sindaco Caprioglio e al presidente Toti, e che sono anche al centro di un&#8217;interrogazione depositata in queste ore dal MoVimento 5 Stelle in Regione Liguria&#8221;. <\/p>\n<p>L&#8217;esponente pentastellato aggiunge: &#8220;Con la stessa interrogazione vogliamo anche fare luce sui 18 milioni di euro in attesa di essere sbloccati dal Cipe per la riqualificazione di via Nizza e il recupero di Villa Zanelli. Ben venga un investimento cos\u00ec importante per uno dei capolavori liberty della nostra citt\u00e0, ma se, come risulta e come temiamo, la volont\u00e0 di Arte Genova \u00e8 quella di mettere in vendita la villa, ci\u00f2 dovr\u00e0 quantomeno avvenire a una cifra congrua alle spese di riqualificazione e ripristino, che verranno sostenute con soldi pubblici.<\/p>\n<p>&#8220;In questo tourbillon di cifre, atti e dichiarazioni pubbliche, chiediamo che Comune e Regione chiariscano una volta per tutte: quali sono le loro intenzioni sul futuro di villa Zanelli e quanti e quali fondi saranno destinati ad essa? Quanti e quali fondi sono previsti per Palazzo della Rovere, e con quali modalit\u00e0? La trasparenza deve essere il principio alla base di ogni iniziativa politica che abbia a che fare con la gestione dei beni pubblici. Questo pasticcio, invece, non fa altro che alimentare dubbi e sospetti, che speriamo siano spazzati via quanto prima&#8221; conclude Melis.<\/p>\n","protected":false},"excerpt":{"rendered":"<p>Il consigliere regionale Andrea Melis: &#8220;I 5 milioni di euro rispuntano in un ddl regionale, ma i fondi sono destinati al waterfront&#8221;<\/p>\n","protected":false},"author":4,"featured_media":0,"comment_status":"open","ping_status":"closed","sticky":false,"template":"","format":"standard","meta":{"footnotes":""},"categories":[31],"tags":[44585,6147],"class_list":["post-422333","post","type-post","status-publish","format-standard","hentry","category-politica","tag-m5s","tag-villa-zanelli","post_cat_citta-savona","post_tag_personaggi-andrea-melis"],"amp_validity":null,"amp_enabled":true,"_links":{"self":[{"href":"https:\/\/staging.ivg.it\/ediapi\/wp\/v2\/posts\/422333","targetHints":{"allow":["GET"]}}],"collection":[{"href":"https:\/\/staging.ivg.it\/ediapi\/wp\/v2\/posts"}],"about":[{"href":"https:\/\/staging.ivg.it\/ediapi\/wp\/v2\/types\/post"}],"author":[{"embeddable":true,"href":"https:\/\/staging.ivg.it\/ediapi\/wp\/v2\/users\/4"}],"replies":[{"embeddable":true,"href":"https:\/\/staging.ivg.it\/ediapi\/wp\/v2\/comments?post=422333"}],"version-history":[{"count":0,"href":"https:\/\/staging.ivg.it\/ediapi\/wp\/v2\/posts\/422333\/revisions"}],"wp:attachment":[{"href":"https:\/\/staging.ivg.it\/ediapi\/wp\/v2\/media?parent=422333"}],"wp:term":[{"taxonomy":"category","embeddable":true,"href":"https:\/\/staging.ivg.it\/ediapi\/wp\/v2\/categories?post=422333"},{"taxonomy":"post_tag","embeddable":true,"href":"https:\/\/staging.ivg.it\/ediapi\/wp\/v2\/tags?post=422333"}],"curies":[{"name":"wp","href":"https:\/\/api.w.org\/{rel}","templated":true}]}}