{"id":422235,"date":"2017-10-19T19:43:17","date_gmt":"2017-10-19T17:43:17","guid":{"rendered":"http:\/\/www.ivg.it\/?p=422235"},"modified":"2017-10-19T19:43:17","modified_gmt":"2017-10-19T17:43:17","slug":"curva-della-morte-sulla-sp29-la-proposta-installare-un-guardrail-salvamotociclisti","status":"publish","type":"post","link":"https:\/\/staging.ivg.it\/2017\/10\/curva-della-morte-sulla-sp29-la-proposta-installare-un-guardrail-salvamotociclisti\/","title":{"rendered":"&#8220;Curva della morte&#8221; sulla Sp29, la proposta: installare un guardrail &#8220;salvamotociclisti&#8221;"},"content":{"rendered":"<p><strong>Dego\/Piana Crixia.<\/strong> Guardrail pi\u00f9 sicuri sulla Sp29 e 29bis tra Dego e Piana Crixia, per evitare nuove tragiche morti di motociclisti uccisi dall&#8217;impatto contro quelli attuali. Ecco la richiesta che il Gruppo Antipolitico Savonese, insieme all&#8217;Associazione Motociclisti Incolumi Onlus di Parma, ha inoltrato alla Provincia di Savona, all&#8217;Anas e al Ministero dei Trasporti.<\/p>\n<p>L&#8217;idea nasce in seguito all&#8217;ennesima tragedia in quel tratto, la morte di Natascia Bartolini (<em><a href=\"http:\/\/www.ivg.it\/2017\/10\/incidente-mortale-dego-deceduta-motociclista\/\">leggi<\/a><\/em>). Lei, spiegano dal Gruppo, \u00e8 solo l&#8217;ultima motociclista vittima di quella che viene ribattezzata &#8220;curva della morte&#8221;: &#8220;E&#8217; solo una delle tante vite spezzate dalla noncuranza delle istituzioni &#8211; accusano i portavoce, Ned T\u00e4ubl e Danila Beninc\u00e0 &#8211; in particolare nella stessa medesima curva gli incidenti mortali non si contano. L&#8217;ultima \u00e8 appunto la povera Natascia, morta per aver sbattuto contro i piloni del guardrail che in quel punto sono notevolmente esposti. E&#8217; inammissibile ed inconcepibile che le istituzioni non abbiano ancora trovato una soluzione per quella curva&#8221;.<\/p>\n<p>Per questo Taubl e Beninc\u00e0 hanno intavolato una collaborazione con una onlus di Parma, Associazione Motociclisti Incolumi, &#8220;all&#8217;interno della quale &#8211; spiegano &#8211; ci sono ingegneri che hanno progettato un apposito guardrail &#8216;salvamotociclisti&#8217;. Entro breve tempo formuleremo all&#8217;ufficio tecnico di Dego la richiesta di intervento, a nostre spese; e nei prossimi giorni affiggeremo uno striscione in quella curva con i loghi delle nostre associazioni, per denunciare l&#8217;immobilismo delle autorit\u00e0 competenti&#8221;.<\/p>\n<p>Nel frattempo, per\u00f2, parallelamente il Gruppo Antipolitico ha deciso di procedere anche con un esposto, una una &#8220;diffida ad adempiere&#8221; inviata per raccomandata a Provincia, Anas e Ministero. Nel testo le associazioni fanno notare che &#8220;si possono chiaramente notare le difformit\u00e0 dei guardrail, con protezione in altezze differenti, e si nota come alcuni di essi siano danneggiati a seguito di impatti. Inoltre a rendere ancora pi\u00f9 pericoloso il tratto stradale della provinciale \u00e8 il selciato, reso viscido dall&#8217;umidit\u00e0 persistente in ogni stagione e particolarmente in inverno&#8221;.<\/p>\n<p>Da qui la richiesta di adottare urgentemente &#8220;provvedimenti tecnici atti a rimediare le ragioni di pericolo&#8221;, con la distesa di asfalto antineve e antighiaccio ma soprattutto l&#8217;installazione di nuovi modelli di guardrail specifici per i motociclisti, come l&#8217;Anas H2 Bordo Laterale SM (fabbricato con una lamiera deformabile ad onda che evita l&#8217;impatto con i paletti di sostegno) o il DR 46 di Snoline (ideato per proteggere i motociclisti in caso di impatto grazie a un corpo cavo in polietilene con una sezione ad onda appositamente studiata per assorbire parzialmente l&#8217;urto).<\/p>\n<p>La richiesta, nelle intenzioni delle due associazioni, essendo &#8220;motivata da ragioni di giustizia&#8221; dovrebbe essere evasa &#8220;entro e non oltre 30 giorni&#8221;. Ma l&#8217;obiettivo \u00e8 pi\u00f9 vasto: nella diffida infatti si spiega come problematiche simili si verifichino &#8220;anche in altre strade altrettanto pericolose di tutto il comprensorio savonese&#8221;, e per questo l&#8217;intento a lungo termine \u00e8 quello di invitare tutti i sindaci del territorio a chiedere la messa in sicurezza di quei tratti stradali.<\/p>\n","protected":false},"excerpt":{"rendered":"<p>La avanzano il Gruppo Antipolitico Savonese e l&#8217;Associazione Motociclisti Incolumi in una diffida inviata a Provincia, Anas e Ministero dei Trasporti<\/p>\n","protected":false},"author":10593,"featured_media":0,"comment_status":"open","ping_status":"closed","sticky":false,"template":"","format":"standard","meta":{"footnotes":""},"categories":[45296,56,34],"tags":[66826,97972],"class_list":["post-422235","post","type-post","status-publish","format-standard","hentry","category-copertina","category-altre","category-cronaca","tag-gruppo-antipolitico-savonese","tag-sp29","post_cat_citta-dego","post_cat_citta-piana-crixia","post_cat_citta-valbormida","post_tag_personaggi-danila-beninca","post_tag_personaggi-ned-taubl"],"amp_validity":null,"amp_enabled":true,"_links":{"self":[{"href":"https:\/\/staging.ivg.it\/ediapi\/wp\/v2\/posts\/422235","targetHints":{"allow":["GET"]}}],"collection":[{"href":"https:\/\/staging.ivg.it\/ediapi\/wp\/v2\/posts"}],"about":[{"href":"https:\/\/staging.ivg.it\/ediapi\/wp\/v2\/types\/post"}],"author":[{"embeddable":true,"href":"https:\/\/staging.ivg.it\/ediapi\/wp\/v2\/users\/10593"}],"replies":[{"embeddable":true,"href":"https:\/\/staging.ivg.it\/ediapi\/wp\/v2\/comments?post=422235"}],"version-history":[{"count":0,"href":"https:\/\/staging.ivg.it\/ediapi\/wp\/v2\/posts\/422235\/revisions"}],"wp:attachment":[{"href":"https:\/\/staging.ivg.it\/ediapi\/wp\/v2\/media?parent=422235"}],"wp:term":[{"taxonomy":"category","embeddable":true,"href":"https:\/\/staging.ivg.it\/ediapi\/wp\/v2\/categories?post=422235"},{"taxonomy":"post_tag","embeddable":true,"href":"https:\/\/staging.ivg.it\/ediapi\/wp\/v2\/tags?post=422235"}],"curies":[{"name":"wp","href":"https:\/\/api.w.org\/{rel}","templated":true}]}}