{"id":42220,"date":"2008-11-27T16:39:03","date_gmt":"2008-11-27T15:39:03","guid":{"rendered":"http:\/\/www.ivg.it\/2008\/11\/27\/varazze-burlando-proseguiro-gli-incontri-con-amministratori-e-cittadinanza\/"},"modified":"2008-11-28T12:40:17","modified_gmt":"2008-11-28T11:40:17","slug":"varazze-burlando-proseguiro-gli-incontri-con-amministratori-e-cittadinanza","status":"publish","type":"post","link":"https:\/\/staging.ivg.it\/2008\/11\/varazze-burlando-proseguiro-gli-incontri-con-amministratori-e-cittadinanza\/","title":{"rendered":"Varazze, Burlando: &#8220;Proseguir\u00f2 gli incontri con amministratori e cittadinanza&#8221;"},"content":{"rendered":"<p><strong>[thumb:9784:l]Varazze<\/strong>. &#8220;Proseguir\u00f2 il confronto con il territorio e sar\u00f2 l\u00e0 dove ogni sindaco me lo chieder\u00e0&#8221;. Lo ha dichiarato il presidente della Regione Liguria, Claudio Burlando, nel corso della presentazione dell&#8217;intervento di messa in sicurezza del Torrente Teiro, questo pomeriggio, nella sala consiliare del Comune di Varazze. Il governatore regionale, parlando di &#8220;successo degli incontri con gli amministratori locali&#8221;, ha assicurato la sua presenza nelle localit\u00e0 savonesi non ancora toccate dal suo &#8220;tour&#8221; ligure e che ne faranno richiesta.<\/p>\n<p>Burlando ha anticipato che sabato 13 dicembre sar\u00e0 a Pietra Ligure per incontrare la cittadinanza. Durante l&#8217;ultimo anno, il presidente della Regione ha incontrato sul territorio, nel corso di 14 incontri, gli amministratori di 115 Comuni. Da settembre ha iniziato un ciclo di incontri con la cittadinanza nell&#8217;ambito della campagna &#8220;In ascolto&#8221; attivata dalla giunta regionale. Il presidente regionale \u00e8 intervenuto oggi a Varazze per le inaugurazioni della passeggiata a mare di Ponente e del parco pubblico &#8220;Boschetto&#8221;.<\/p>\n<p>[image:9787:c:s=1]<\/p>\n<p>[image:9786:c:s=1]<\/p>\n<p>[image:9785:c:s=1]<\/p>\n","protected":false},"excerpt":{"rendered":"<p>[thumb:9784:l]Varazze. &#8220;Proseguir\u00f2 il confronto con il territorio e sar\u00f2 l\u00e0 dove ogni sindaco me lo chieder\u00e0&#8221;. Lo ha dichiarato il presidente della Regione Liguria, Claudio Burlando, nel corso della presentazione dell&#8217;intervento di messa in sicurezza del Torrente Teiro, questo pomeriggio, nella sala consiliare del Comune di Varazze. Il governatore regionale, parlando di &#8220;successo degli incontri [&hellip;]<\/p>\n","protected":false},"author":5,"featured_media":0,"comment_status":"open","ping_status":"closed","sticky":false,"template":"","format":"standard","meta":{"footnotes":""},"categories":[31],"tags":[284,325,487,295],"class_list":["post-42220","post","type-post","status-publish","format-standard","hentry","category-politica","tag-claudio-burlando","tag-comuni","tag-incontri","tag-regione","post_cat_citta-andora","post_cat_citta-pietra-ligure","post_cat_citta-varazze"],"amp_validity":null,"amp_enabled":true,"_links":{"self":[{"href":"https:\/\/staging.ivg.it\/ediapi\/wp\/v2\/posts\/42220","targetHints":{"allow":["GET"]}}],"collection":[{"href":"https:\/\/staging.ivg.it\/ediapi\/wp\/v2\/posts"}],"about":[{"href":"https:\/\/staging.ivg.it\/ediapi\/wp\/v2\/types\/post"}],"author":[{"embeddable":true,"href":"https:\/\/staging.ivg.it\/ediapi\/wp\/v2\/users\/5"}],"replies":[{"embeddable":true,"href":"https:\/\/staging.ivg.it\/ediapi\/wp\/v2\/comments?post=42220"}],"version-history":[{"count":0,"href":"https:\/\/staging.ivg.it\/ediapi\/wp\/v2\/posts\/42220\/revisions"}],"wp:attachment":[{"href":"https:\/\/staging.ivg.it\/ediapi\/wp\/v2\/media?parent=42220"}],"wp:term":[{"taxonomy":"category","embeddable":true,"href":"https:\/\/staging.ivg.it\/ediapi\/wp\/v2\/categories?post=42220"},{"taxonomy":"post_tag","embeddable":true,"href":"https:\/\/staging.ivg.it\/ediapi\/wp\/v2\/tags?post=42220"}],"curies":[{"name":"wp","href":"https:\/\/api.w.org\/{rel}","templated":true}]}}