{"id":422019,"date":"2017-10-17T18:39:31","date_gmt":"2017-10-17T16:39:31","guid":{"rendered":"http:\/\/www.ivg.it\/?p=422019"},"modified":"2017-10-17T18:39:31","modified_gmt":"2017-10-17T16:39:31","slug":"plodio-fabio-abate-primi-merito-dobbiamo-crescere-profilo-del-gioco-della-mentalita","status":"publish","type":"post","link":"https:\/\/staging.ivg.it\/2017\/10\/plodio-fabio-abate-primi-merito-dobbiamo-crescere-profilo-del-gioco-della-mentalita\/","title":{"rendered":"Plodio, Fabio Abate: &#8220;Primi con merito, ma dobbiamo crescere sotto il profilo del gioco e della mentalit\u00e0&#8221;"},"content":{"rendered":"<p><strong>Plodio. Inaugurazione del nuovo manto erboso, con tanto di poker, rifilato al Cengio\u2026 che chiedere di pi\u00f9<\/strong>? Ve lo sveliamo a fine articolo&#8230;<\/p>\n<p>Quando \u00e8 nata l&#8217;idea di dotarsi di un campo &#8216;vero\u2019 ?<\/p>\n<p>&#8220;E&#8217; una iniziativa nata quasi per scherzo, davanti ad un buon bicchiere di nebbiolo, sorseggiato col presidente, <strong>Dante Olivieri<\/strong> ed il dirigente <strong>Stefano Broglio\u201d<\/strong> &#8211; dice il direttore sportivo bormidese, <strong>Fabio Abate<\/strong> &#8211; &#8220;Inizialmente si pensava al sintetico, ma visti i costi proibitivi,<strong> abbiamo optato per il<\/strong> <strong>manto in erba pre-coltivata.<\/strong> <strong>L&#8217;amministrazione comunale ed un imprenditore locale hanno dato il loro entusiastico assenso, cosicch\u00e9, nel giro di due mesi e mezzo, il lavoro \u00e8 stato portato a termine&#8221;.<\/strong><\/p>\n<p>Tornando al calcio giocato, il <strong>Plodio<\/strong> \u00e8 partito a tutto gas, vincendo le prime due gare di campionato, con tanto di <strong>primato in classifica, sia pur in coabitazione con Dego e Millesimo\u2026<\/strong><\/p>\n<p>\u201cMeglio non si poteva fare &#8211; sorride Abate &#8211; abbiamo ottenuto il massimo dei risultati, ma da qui a dire, che siamo da primato in classifica, ce ne passa. <strong>La rosa \u00e8 competitiva, ma ritengo che si debba ancora crescere, sia sotto il profilo del gioco, che della mentalit\u00e0&#8221;.<\/strong><\/p>\n<p>Per arrivare a\u2026<\/p>\n<p>&#8220;Il nostro<strong> obiettivo \u00e8 quello di entrare nella griglia dei play off<\/strong>, grazie ad un gruppo solido e compatto, che ha voglia di dimostrare il suo valore, ma per arrivare il pi\u00f9 in alto possibile, bisogner\u00e0 affrontare ogni gara come se fosse una finale e cio\u00e8 con tanta determinazione&#8221;.<\/p>\n<p>Anche la societ\u00e0 ha fatto passi importanti\u2026<\/p>\n<p>&#8220;Certo, <strong>la nostra \u00e8 una piccola realt\u00e0, ma ben organizzata..<\/strong>. i giocatori sono messi in condizioni di esprimersi al meglio, dato che i dirigenti curano ogni altro aspetto\u201d.<\/p>\n<p>Quanto \u00e8 cresciuto mister <strong>Massimiliano<\/strong> <strong>Brignone<\/strong>?<\/p>\n<p><strong>&#8220;E&#8217; un mister emergente, che sa leggere le partite come pochi e che conosce perfettamente categoria e giocatori<\/strong>; inoltre, \u00e8 molto <strong>meticoloso nel preparare le partite,<\/strong> per cui i giocatori, quando scendono in campo, sanno perfettamente cosa debbono fare. <strong>Grazie<\/strong>\u00a0<strong>all&#8217;umilt\u00e0 che lo contraddistingue, sono certo che far\u00e0 molta strada&#8221;.<\/strong><\/p>\n<p><strong>La pensa cos\u00ec &#8211; su Brignone &#8211; anche chi scrive<\/strong>, cui balza il mente un pensiero di <strong>Mario Cecchi Gori,<\/strong> che, equiparando il mondo del calcio, a quello dello spettacolo, affermava che, <strong>se i calciatori interpretano le parti degli attori e il presidente quella del produttore, ebbene, i panni del regista &#8211; cio\u00e8 quello che d\u00e0 valore al film &#8211; li veste l\u2019allenatore&#8230; lasciando, al direttore sportivo, l\u2019impegnativo compito del direttore di produzione\u2026<\/strong><\/p>\n<p>E se, quest\u2019anno, il team <strong>Plodio<\/strong> si aggiudicasse la <strong>\u2018nomination\u2019 al &#8216;Premio Oscar\u2019 ?<\/strong><\/p>\n","protected":false},"excerpt":{"rendered":"<p>Il Plodio ha ufficialmente inaugurato il nuovo manto erboso, calando un poker di reti ai danni del Cengio\u2026 e se, quest\u2019anno, si aggiudicasse la \u2018nomination\u2019 al &#8216;Premio Oscar\u2019 ?<\/p>\n","protected":false},"author":11482,"featured_media":0,"comment_status":"open","ping_status":"closed","sticky":false,"template":"","format":"standard","meta":{"footnotes":""},"categories":[45296,182,32],"tags":[97918],"class_list":["post-422019","post","type-post","status-publish","format-standard","hentry","category-copertina","category-calcio","category-sport","tag-asd-plodio1997","post_cat_citta-plodio","post_tag_personaggi-fabio-abate"],"amp_validity":null,"amp_enabled":true,"_links":{"self":[{"href":"https:\/\/staging.ivg.it\/ediapi\/wp\/v2\/posts\/422019","targetHints":{"allow":["GET"]}}],"collection":[{"href":"https:\/\/staging.ivg.it\/ediapi\/wp\/v2\/posts"}],"about":[{"href":"https:\/\/staging.ivg.it\/ediapi\/wp\/v2\/types\/post"}],"author":[{"embeddable":true,"href":"https:\/\/staging.ivg.it\/ediapi\/wp\/v2\/users\/11482"}],"replies":[{"embeddable":true,"href":"https:\/\/staging.ivg.it\/ediapi\/wp\/v2\/comments?post=422019"}],"version-history":[{"count":0,"href":"https:\/\/staging.ivg.it\/ediapi\/wp\/v2\/posts\/422019\/revisions"}],"wp:attachment":[{"href":"https:\/\/staging.ivg.it\/ediapi\/wp\/v2\/media?parent=422019"}],"wp:term":[{"taxonomy":"category","embeddable":true,"href":"https:\/\/staging.ivg.it\/ediapi\/wp\/v2\/categories?post=422019"},{"taxonomy":"post_tag","embeddable":true,"href":"https:\/\/staging.ivg.it\/ediapi\/wp\/v2\/tags?post=422019"}],"curies":[{"name":"wp","href":"https:\/\/api.w.org\/{rel}","templated":true}]}}